{"id":961,"date":"2024-11-28T14:26:23","date_gmt":"2024-11-28T14:26:23","guid":{"rendered":"https:\/\/ratoszyn.eu\/?p=961"},"modified":"2024-11-28T14:27:46","modified_gmt":"2024-11-28T14:27:46","slug":"pasowanie-na-przedszkolaka","status":"publish","type":"post","link":"https:\/\/ratoszyn.eu\/index.php\/2024\/11\/28\/pasowanie-na-przedszkolaka\/","title":{"rendered":"Pasowanie na przedszkolaka"},"content":{"rendered":"<p style=\"padding-left: 40px;\">\ud83c\udf89 Pasowanie na Przedszkolaka \ud83c\udf89<\/p>\n<p style=\"padding-left: 40px;\">\n<p style=\"padding-left: 40px;\">We wtorek w naszym przedszkolu odby\u0142o si\u0119 wyj\u0105tkowe wydarzenie &#8211; pasowanie na przedszkolaka! \ud83c\udf1f Nasze maluchy wyst\u0105pi\u0142y przed swoimi rodzicami, \u015bpiewaj\u0105c pi\u0119kne piosenki i pokazuj\u0105c wspania\u0142e choreografie do melodii. \ud83c\udfb6<\/p>\n<p style=\"padding-left: 40px;\">\n<p style=\"padding-left: 40px;\">By\u0142 to niezapomniany dzie\u0144 pe\u0142en rado\u015bci, u\u015bmiech\u00f3w i dumy. Dzi\u0119kujemy wszystkim rodzicom za obecno\u015b\u0107 i wsparcie. Razem tworzymy niezapomniane wspomnienia! \u2764\ufe0f<\/p>\n<p style=\"padding-left: 40px;\">\n<p style=\"padding-left: 40px;\">#Przedszkole #PasowanieNaPrzedszkolaka #Duma #Rado\u015b\u0107<\/p>\n","protected":false},"excerpt":{"rendered":"<p>\ud83c\udf89 Pasowanie na Przedszkolaka \ud83c\udf89 We wtorek w naszym przedszkolu odby\u0142o si\u0119 wyj\u0105tkowe wydarzenie &#8211; pasowanie na przedszkolaka! \ud83c\udf1f Nasze maluchy wyst\u0105pi\u0142y przed swoimi rodzicami, \u015bpiewaj\u0105c pi\u0119kne piosenki i pokazuj\u0105c wspania\u0142e choreografie do melodii. \ud83c\udfb6 By\u0142 to niezapomniany dzie\u0144 pe\u0142en rado\u015bci, u\u015bmiech\u00f3w i dumy. Dzi\u0119kujemy wszystkim rodzicom za obecno\u015b\u0107 i wsparcie. Razem tworzymy niezapomniane wspomnienia! [&hellip;]<\/p>\n","protected":false},"author":2,"featured_media":962,"comment_status":"closed","ping_status":"open","sticky":false,"template":"","format":"standard","meta":{"footnotes":""},"categories":[2],"tags":[],"class_list":["post-961","post","type-post","status-publish","format-standard","has-post-thumbnail","hentry","category-akt"],"_links":{"self":[{"href":"https:\/\/ratoszyn.eu\/index.php\/wp-json\/wp\/v2\/posts\/961","targetHints":{"allow":["GET"]}}],"collection":[{"href":"https:\/\/ratoszyn.eu\/index.php\/wp-json\/wp\/v2\/posts"}],"about":[{"href":"https:\/\/ratoszyn.eu\/index.php\/wp-json\/wp\/v2\/types\/post"}],"author":[{"embeddable":true,"href":"https:\/\/ratoszyn.eu\/index.php\/wp-json\/wp\/v2\/users\/2"}],"replies":[{"embeddable":true,"href":"https:\/\/ratoszyn.eu\/index.php\/wp-json\/wp\/v2\/comments?post=961"}],"version-history":[{"count":2,"href":"https:\/\/ratoszyn.eu\/index.php\/wp-json\/wp\/v2\/posts\/961\/revisions"}],"predecessor-version":[{"id":966,"href":"https:\/\/ratoszyn.eu\/index.php\/wp-json\/wp\/v2\/posts\/961\/revisions\/966"}],"wp:featuredmedia":[{"embeddable":true,"href":"https:\/\/ratoszyn.eu\/index.php\/wp-json\/wp\/v2\/media\/962"}],"wp:attachment":[{"href":"https:\/\/ratoszyn.eu\/index.php\/wp-json\/wp\/v2\/media?parent=961"}],"wp:term":[{"taxonomy":"category","embeddable":true,"href":"https:\/\/ratoszyn.eu\/index.php\/wp-json\/wp\/v2\/categories?post=961"},{"taxonomy":"post_tag","embeddable":true,"href":"https:\/\/ratoszyn.eu\/index.php\/wp-json\/wp\/v2\/tags?post=961"}],"curies":[{"name":"wp","href":"https:\/\/api.w.org\/{rel}","templated":true}]}}