{"id":958,"date":"2024-11-28T14:25:10","date_gmt":"2024-11-28T14:25:10","guid":{"rendered":"https:\/\/ratoszyn.eu\/?p=958"},"modified":"2024-11-28T14:25:10","modified_gmt":"2024-11-28T14:25:10","slug":"konkurs-o-tematyce-jesiennej","status":"publish","type":"post","link":"https:\/\/ratoszyn.eu\/index.php\/2024\/11\/28\/konkurs-o-tematyce-jesiennej\/","title":{"rendered":"Konkurs o tematyce jesiennej"},"content":{"rendered":"<p style=\"text-align: left;\">Uczennica kl. VI Julia zainicjowa\u0142a i z pomoc\u0105 kole\u017canek Wiktorii, Kornelii i Zosi przeprowadzi\u0142a w\u015br\u00f3d uczni\u00f3w klas I-VI konkurs plastyczny o tematyce jesiennej.\ud83c\udf41 Super inicjatywa, a prace uczni\u00f3w niezwykle pomys\u0142owe, oryginalne i tw\u00f3rcze.\ud83d\ude0a\ud83d\udc4f<\/p>\n","protected":false},"excerpt":{"rendered":"<p>Uczennica kl. VI Julia zainicjowa\u0142a i z pomoc\u0105 kole\u017canek Wiktorii, Kornelii i Zosi przeprowadzi\u0142a w\u015br\u00f3d uczni\u00f3w klas I-VI konkurs plastyczny o tematyce jesiennej.\ud83c\udf41 Super inicjatywa, a prace uczni\u00f3w niezwykle pomys\u0142owe, oryginalne i tw\u00f3rcze.\ud83d\ude0a\ud83d\udc4f<\/p>\n","protected":false},"author":2,"featured_media":959,"comment_status":"closed","ping_status":"open","sticky":false,"template":"","format":"standard","meta":{"footnotes":""},"categories":[2],"tags":[],"class_list":["post-958","post","type-post","status-publish","format-standard","has-post-thumbnail","hentry","category-akt"],"_links":{"self":[{"href":"https:\/\/ratoszyn.eu\/index.php\/wp-json\/wp\/v2\/posts\/958","targetHints":{"allow":["GET"]}}],"collection":[{"href":"https:\/\/ratoszyn.eu\/index.php\/wp-json\/wp\/v2\/posts"}],"about":[{"href":"https:\/\/ratoszyn.eu\/index.php\/wp-json\/wp\/v2\/types\/post"}],"author":[{"embeddable":true,"href":"https:\/\/ratoszyn.eu\/index.php\/wp-json\/wp\/v2\/users\/2"}],"replies":[{"embeddable":true,"href":"https:\/\/ratoszyn.eu\/index.php\/wp-json\/wp\/v2\/comments?post=958"}],"version-history":[{"count":1,"href":"https:\/\/ratoszyn.eu\/index.php\/wp-json\/wp\/v2\/posts\/958\/revisions"}],"predecessor-version":[{"id":960,"href":"https:\/\/ratoszyn.eu\/index.php\/wp-json\/wp\/v2\/posts\/958\/revisions\/960"}],"wp:featuredmedia":[{"embeddable":true,"href":"https:\/\/ratoszyn.eu\/index.php\/wp-json\/wp\/v2\/media\/959"}],"wp:attachment":[{"href":"https:\/\/ratoszyn.eu\/index.php\/wp-json\/wp\/v2\/media?parent=958"}],"wp:term":[{"taxonomy":"category","embeddable":true,"href":"https:\/\/ratoszyn.eu\/index.php\/wp-json\/wp\/v2\/categories?post=958"},{"taxonomy":"post_tag","embeddable":true,"href":"https:\/\/ratoszyn.eu\/index.php\/wp-json\/wp\/v2\/tags?post=958"}],"curies":[{"name":"wp","href":"https:\/\/api.w.org\/{rel}","templated":true}]}}