{"id":856,"date":"2024-10-19T07:20:15","date_gmt":"2024-10-19T07:20:15","guid":{"rendered":"https:\/\/ratoszyn.eu\/?p=856"},"modified":"2024-10-19T08:08:29","modified_gmt":"2024-10-19T08:08:29","slug":"wideo-relacja-z-dnia-edukacji-narodowej","status":"publish","type":"post","link":"https:\/\/ratoszyn.eu\/index.php\/2024\/10\/19\/wideo-relacja-z-dnia-edukacji-narodowej\/","title":{"rendered":"Wideo-relacja z Dnia Edukacji Narodowej."},"content":{"rendered":"<div id=\"fb-root\"><\/div>\n<p><script async=\"\" defer=\"defer\" crossorigin=\"anonymous\" src=\"https:\/\/connect.facebook.net\/pl_PL\/sdk.js#xfbml=1&amp;version=v21.0\"><\/script><\/p>\n<div class=\"fb-video\" data-href=\"https:\/\/www.facebook.com\/100090341082264\/videos\/1084499453322447\/\" data-width=\"540\" data-show-text=\"false\">\n<blockquote cite=\"https:\/\/www.facebook.com\/100090341082264\/videos\/1084499453322447\/\" class=\"fb-xfbml-parse-ignore\"><p><a href=\"https:\/\/www.facebook.com\/100090341082264\/videos \/1084499453322447\/\"><\/a>\ud83d\udcda\u2728 Dzisiaj si\u0119 uroczysta akademia z okazji Dnia Edukacji Narodowej! To znakomita znakomita, przez uczni\u00f3w zaprezentowali swoje umiej\u0119tno\u015bci oraz podzi\u0119kowali wszystkim nauczycielom i o\u015bwiatom za ich codzienne trudy i zaj\u0119cia. \ud83c\udf1f Podczas akademii uczennice klasy V za\u015bpiewa\u0142y kilka pi\u0119knych piosenek, w tym aplikacji pt. \u201eGraj, Profesorze\u201d. \ud83c\udfb6 #Dzie\u0144EdukacjiNarodowej #Dzie\u0144Nauczyciela #Edukacja #Podzi\u0119kowania<\/p>\n<p>Opublikowany przez <a href=\"https:\/\/www.facebook.com\/people\/Szko%C5%82a-Podstawowa-w-Ratoszynie-Drugim\/100090341082264\/\"> Szko\u0142a &gt; Podstawowa w Ratoszynie Drugim <\/a> Czwartek, 17 pa\u017adziernika 2024<\/p><\/blockquote>\n<\/div>\n","protected":false},"excerpt":{"rendered":"<p>\ud83d\udcda\u2728 Dzisiaj si\u0119 uroczysta akademia z okazji Dnia Edukacji Narodowej! To znakomita znakomita, przez uczni\u00f3w zaprezentowali swoje umiej\u0119tno\u015bci oraz podzi\u0119kowali wszystkim nauczycielom i o\u015bwiatom za ich codzienne trudy i zaj\u0119cia. \ud83c\udf1f Podczas akademii uczennice klasy V za\u015bpiewa\u0142y kilka pi\u0119knych piosenek, w tym aplikacji pt. \u201eGraj, Profesorze\u201d. \ud83c\udfb6 #Dzie\u0144EdukacjiNarodowej #Dzie\u0144Nauczyciela #Edukacja #Podzi\u0119kowania Opublikowany przez Szko\u0142a &gt; [&hellip;]<\/p>\n","protected":false},"author":2,"featured_media":864,"comment_status":"closed","ping_status":"open","sticky":false,"template":"","format":"standard","meta":{"footnotes":""},"categories":[2],"tags":[],"class_list":["post-856","post","type-post","status-publish","format-standard","has-post-thumbnail","hentry","category-akt"],"_links":{"self":[{"href":"https:\/\/ratoszyn.eu\/index.php\/wp-json\/wp\/v2\/posts\/856","targetHints":{"allow":["GET"]}}],"collection":[{"href":"https:\/\/ratoszyn.eu\/index.php\/wp-json\/wp\/v2\/posts"}],"about":[{"href":"https:\/\/ratoszyn.eu\/index.php\/wp-json\/wp\/v2\/types\/post"}],"author":[{"embeddable":true,"href":"https:\/\/ratoszyn.eu\/index.php\/wp-json\/wp\/v2\/users\/2"}],"replies":[{"embeddable":true,"href":"https:\/\/ratoszyn.eu\/index.php\/wp-json\/wp\/v2\/comments?post=856"}],"version-history":[{"count":3,"href":"https:\/\/ratoszyn.eu\/index.php\/wp-json\/wp\/v2\/posts\/856\/revisions"}],"predecessor-version":[{"id":865,"href":"https:\/\/ratoszyn.eu\/index.php\/wp-json\/wp\/v2\/posts\/856\/revisions\/865"}],"wp:featuredmedia":[{"embeddable":true,"href":"https:\/\/ratoszyn.eu\/index.php\/wp-json\/wp\/v2\/media\/864"}],"wp:attachment":[{"href":"https:\/\/ratoszyn.eu\/index.php\/wp-json\/wp\/v2\/media?parent=856"}],"wp:term":[{"taxonomy":"category","embeddable":true,"href":"https:\/\/ratoszyn.eu\/index.php\/wp-json\/wp\/v2\/categories?post=856"},{"taxonomy":"post_tag","embeddable":true,"href":"https:\/\/ratoszyn.eu\/index.php\/wp-json\/wp\/v2\/tags?post=856"}],"curies":[{"name":"wp","href":"https:\/\/api.w.org\/{rel}","templated":true}]}}