{"id":850,"date":"2024-10-18T18:03:11","date_gmt":"2024-10-18T18:03:11","guid":{"rendered":"https:\/\/ratoszyn.eu\/?p=850"},"modified":"2024-10-19T07:20:45","modified_gmt":"2024-10-19T07:20:45","slug":"dzien-edukacji-narodowej-2024","status":"publish","type":"post","link":"https:\/\/ratoszyn.eu\/index.php\/2024\/10\/18\/dzien-edukacji-narodowej-2024\/","title":{"rendered":"Dzie\u0144 Edukacji Narodowej 2024r"},"content":{"rendered":"<p>\ud83d\udcda\u2728 Dzisiaj odby\u0142a si\u0119 uroczysta akademia z okazji Dnia Edukacji Narodowej! To znakomita okazja, by uczniowie zaprezentowali swoje umiej\u0119tno\u015bci oraz podzi\u0119kowali wszystkim nauczycielom i pracownikom o\u015bwiaty za ich codzienny trud i zaanga\u017cowanie. \ud83c\udf1f<br \/>\nPodczas akademii uczennice klasy V za\u015bpiewa\u0142y kilka pi\u0119knych piosenek, w tym wzruszaj\u0105c\u0105 piosenk\u0119 pt. \u201cGraj, Profesorze\u201d. \ud83c\udfb6 <a href=\"https:\/\/www.facebook.com\/share\/p\/ugCJYRDraiEtiyQp\/\" target=\"_blank\" rel=\"noopener\">fanpage<\/a>!<\/p>\n","protected":false},"excerpt":{"rendered":"<p>\ud83d\udcda\u2728 Dzisiaj odby\u0142a si\u0119 uroczysta akademia z okazji Dnia Edukacji Narodowej! To znakomita okazja, by uczniowie zaprezentowali swoje umiej\u0119tno\u015bci oraz podzi\u0119kowali wszystkim nauczycielom i pracownikom o\u015bwiaty za ich codzienny trud i zaanga\u017cowanie. \ud83c\udf1f Podczas akademii uczennice klasy V za\u015bpiewa\u0142y kilka pi\u0119knych piosenek, w tym wzruszaj\u0105c\u0105 piosenk\u0119 pt. \u201cGraj, Profesorze\u201d. \ud83c\udfb6 fanpage!<\/p>\n","protected":false},"author":2,"featured_media":851,"comment_status":"closed","ping_status":"open","sticky":false,"template":"","format":"standard","meta":{"footnotes":""},"categories":[2],"tags":[],"class_list":["post-850","post","type-post","status-publish","format-standard","has-post-thumbnail","hentry","category-akt"],"_links":{"self":[{"href":"https:\/\/ratoszyn.eu\/index.php\/wp-json\/wp\/v2\/posts\/850","targetHints":{"allow":["GET"]}}],"collection":[{"href":"https:\/\/ratoszyn.eu\/index.php\/wp-json\/wp\/v2\/posts"}],"about":[{"href":"https:\/\/ratoszyn.eu\/index.php\/wp-json\/wp\/v2\/types\/post"}],"author":[{"embeddable":true,"href":"https:\/\/ratoszyn.eu\/index.php\/wp-json\/wp\/v2\/users\/2"}],"replies":[{"embeddable":true,"href":"https:\/\/ratoszyn.eu\/index.php\/wp-json\/wp\/v2\/comments?post=850"}],"version-history":[{"count":4,"href":"https:\/\/ratoszyn.eu\/index.php\/wp-json\/wp\/v2\/posts\/850\/revisions"}],"predecessor-version":[{"id":862,"href":"https:\/\/ratoszyn.eu\/index.php\/wp-json\/wp\/v2\/posts\/850\/revisions\/862"}],"wp:featuredmedia":[{"embeddable":true,"href":"https:\/\/ratoszyn.eu\/index.php\/wp-json\/wp\/v2\/media\/851"}],"wp:attachment":[{"href":"https:\/\/ratoszyn.eu\/index.php\/wp-json\/wp\/v2\/media?parent=850"}],"wp:term":[{"taxonomy":"category","embeddable":true,"href":"https:\/\/ratoszyn.eu\/index.php\/wp-json\/wp\/v2\/categories?post=850"},{"taxonomy":"post_tag","embeddable":true,"href":"https:\/\/ratoszyn.eu\/index.php\/wp-json\/wp\/v2\/tags?post=850"}],"curies":[{"name":"wp","href":"https:\/\/api.w.org\/{rel}","templated":true}]}}