{"id":834,"date":"2024-10-17T05:27:56","date_gmt":"2024-10-17T05:27:56","guid":{"rendered":"https:\/\/ratoszyn.eu\/?p=834"},"modified":"2024-10-17T05:27:56","modified_gmt":"2024-10-17T05:27:56","slug":"28-jesienny-konkurs-recytatorski","status":"publish","type":"post","link":"https:\/\/ratoszyn.eu\/index.php\/2024\/10\/17\/28-jesienny-konkurs-recytatorski\/","title":{"rendered":"28 Jesienny Konkurs Recytatorski."},"content":{"rendered":"<div dir=\"auto\">15 pa\u017adziernika odby\u0142y si\u0119 gminne eliminacje w ramach &#8222;28 Jesiennego Konkursu Recytatorskiego&#8221;. Nasz\u0105 szko\u0142\u0119 reprezentowali: Kinga W. z kl.I, Nadia G. z kl.II, Iga J. z kl.III, Adam Dz. z kl. IV, Gabriela Cz. z kl.V, Wiktoria P. z kl. VI, Weronika M., Pawe\u0142 G. oraz Marcel K. z kl. VIII.<\/div>\n<div dir=\"auto\">I miejsce, a tym samym zakwalifikowanie si\u0119 do etapu powiatowego zdoby\u0142a Wiktoria P. z kl. VI<span class=\"html-span xexx8yu x4uap5 x18d9i69 xkhd6sd x1hl2dhg x16tdsg8 x1vvkbs x3nfvp2 x1j61x8r x1fcty0u xdj266r xat24cr xgzva0m xhhsvwb xxymvpz xlup9mm x1kky2od\"><img loading=\"lazy\" decoding=\"async\" height=\"16\" width=\"16\" alt=\"\ud83e\udd47\" class=\"xz74otr\" referrerpolicy=\"origin-when-cross-origin\" src=\"https:\/\/static.xx.fbcdn.net\/images\/emoji.php\/v9\/t94\/1\/16\/1f947.png\" \/><\/span><\/div>\n<div dir=\"auto\">Wszystkim uczniom serdecznie dzi\u0119kujemy za udzia\u0142, a Wiktorii \u017cyczymy dalszych sukces\u00f3w! <span class=\"html-span xexx8yu x4uap5 x18d9i69 xkhd6sd x1hl2dhg x16tdsg8 x1vvkbs x3nfvp2 x1j61x8r x1fcty0u xdj266r xat24cr xgzva0m xhhsvwb xxymvpz xlup9mm x1kky2od\"><img loading=\"lazy\" decoding=\"async\" height=\"16\" width=\"16\" alt=\"\ud83c\udfc6\" class=\"xz74otr\" referrerpolicy=\"origin-when-cross-origin\" src=\"https:\/\/static.xx.fbcdn.net\/images\/emoji.php\/v9\/tbe\/1\/16\/1f3c6.png\" \/><\/span><\/div>\n","protected":false},"excerpt":{"rendered":"<p>15 pa\u017adziernika odby\u0142y si\u0119 gminne eliminacje w ramach &#8222;28 Jesiennego Konkursu Recytatorskiego&#8221;. Nasz\u0105 szko\u0142\u0119 reprezentowali: Kinga W. z kl.I, Nadia G. z kl.II, Iga J. z kl.III, Adam Dz. z kl. IV, Gabriela Cz. z kl.V, Wiktoria P. z kl. VI, Weronika M., Pawe\u0142 G. oraz Marcel K. z kl. VIII. I miejsce, a tym [&hellip;]<\/p>\n","protected":false},"author":2,"featured_media":835,"comment_status":"closed","ping_status":"open","sticky":false,"template":"","format":"standard","meta":{"footnotes":""},"categories":[2],"tags":[],"class_list":["post-834","post","type-post","status-publish","format-standard","has-post-thumbnail","hentry","category-akt"],"_links":{"self":[{"href":"https:\/\/ratoszyn.eu\/index.php\/wp-json\/wp\/v2\/posts\/834","targetHints":{"allow":["GET"]}}],"collection":[{"href":"https:\/\/ratoszyn.eu\/index.php\/wp-json\/wp\/v2\/posts"}],"about":[{"href":"https:\/\/ratoszyn.eu\/index.php\/wp-json\/wp\/v2\/types\/post"}],"author":[{"embeddable":true,"href":"https:\/\/ratoszyn.eu\/index.php\/wp-json\/wp\/v2\/users\/2"}],"replies":[{"embeddable":true,"href":"https:\/\/ratoszyn.eu\/index.php\/wp-json\/wp\/v2\/comments?post=834"}],"version-history":[{"count":1,"href":"https:\/\/ratoszyn.eu\/index.php\/wp-json\/wp\/v2\/posts\/834\/revisions"}],"predecessor-version":[{"id":836,"href":"https:\/\/ratoszyn.eu\/index.php\/wp-json\/wp\/v2\/posts\/834\/revisions\/836"}],"wp:featuredmedia":[{"embeddable":true,"href":"https:\/\/ratoszyn.eu\/index.php\/wp-json\/wp\/v2\/media\/835"}],"wp:attachment":[{"href":"https:\/\/ratoszyn.eu\/index.php\/wp-json\/wp\/v2\/media?parent=834"}],"wp:term":[{"taxonomy":"category","embeddable":true,"href":"https:\/\/ratoszyn.eu\/index.php\/wp-json\/wp\/v2\/categories?post=834"},{"taxonomy":"post_tag","embeddable":true,"href":"https:\/\/ratoszyn.eu\/index.php\/wp-json\/wp\/v2\/tags?post=834"}],"curies":[{"name":"wp","href":"https:\/\/api.w.org\/{rel}","templated":true}]}}