{"id":810,"date":"2024-10-08T17:37:36","date_gmt":"2024-10-08T17:37:36","guid":{"rendered":"https:\/\/ratoszyn.eu\/?p=810"},"modified":"2024-10-09T04:52:55","modified_gmt":"2024-10-09T04:52:55","slug":"gminne-zawody-w-tenisa-stolowego","status":"publish","type":"post","link":"https:\/\/ratoszyn.eu\/index.php\/2024\/10\/08\/gminne-zawody-w-tenisa-stolowego\/","title":{"rendered":"Gminne zawody w tenisa sto\u0142owego."},"content":{"rendered":"<div dir=\"auto\">Dzisiaj nasi uczniowie z klasy VIII i VII uczestniczyli w gminnych zawodach sportowych, kt\u00f3re odby\u0142y si\u0119 w Szkole Podstawowej w Chodlu. By\u0142 to tenis sto\u0142owy dru\u017cynowy.<span class=\"html-span xexx8yu x4uap5 x18d9i69 xkhd6sd x1hl2dhg x16tdsg8 x1vvkbs x3nfvp2 x1j61x8r x1fcty0u xdj266r xat24cr xgzva0m xhhsvwb xxymvpz xlup9mm x1kky2od\"><img loading=\"lazy\" decoding=\"async\" height=\"16\" width=\"16\" alt=\"\ud83c\udfd3\" class=\"xz74otr\" referrerpolicy=\"origin-when-cross-origin\" src=\"https:\/\/static.xx.fbcdn.net\/images\/emoji.php\/v9\/tda\/1\/16\/1f3d3.png\" \/><\/span><span class=\"html-span xexx8yu x4uap5 x18d9i69 xkhd6sd x1hl2dhg x16tdsg8 x1vvkbs x3nfvp2 x1j61x8r x1fcty0u xdj266r xat24cr xgzva0m xhhsvwb xxymvpz xlup9mm x1kky2od\"><img loading=\"lazy\" decoding=\"async\" height=\"16\" width=\"16\" alt=\"\ud83c\udfd3\" class=\"xz74otr\" referrerpolicy=\"origin-when-cross-origin\" src=\"https:\/\/static.xx.fbcdn.net\/images\/emoji.php\/v9\/tda\/1\/16\/1f3d3.png\" \/><\/span><span class=\"html-span xexx8yu x4uap5 x18d9i69 xkhd6sd x1hl2dhg x16tdsg8 x1vvkbs x3nfvp2 x1j61x8r x1fcty0u xdj266r xat24cr xgzva0m xhhsvwb xxymvpz xlup9mm x1kky2od\"><img loading=\"lazy\" decoding=\"async\" height=\"16\" width=\"16\" alt=\"\ud83c\udfd3\" class=\"xz74otr\" referrerpolicy=\"origin-when-cross-origin\" src=\"https:\/\/static.xx.fbcdn.net\/images\/emoji.php\/v9\/tda\/1\/16\/1f3d3.png\" \/><\/span> Wyst\u0105pili\u015bmy w du\u017cym sk\u0142adzie, jedna dru\u017cyna dziewcz\u0105t: Oliwia i Maja oraz cztery dru\u017cyny ch\u0142opc\u00f3w: Micha\u0142 i Szymon, Marcin i Brajan, B\u0142a\u017cej i Piotr, Artur i Kacper. Wszyscy dali z siebie wszystko, grali bardzo dobrze i godnie reprezentowali nasz\u0105 szko\u0142\u0119.<span class=\"html-span xexx8yu x4uap5 x18d9i69 xkhd6sd x1hl2dhg x16tdsg8 x1vvkbs x3nfvp2 x1j61x8r x1fcty0u xdj266r xat24cr xgzva0m xhhsvwb xxymvpz xlup9mm x1kky2od\"><img loading=\"lazy\" decoding=\"async\" height=\"16\" width=\"16\" alt=\"\ud83d\udcaa\" class=\"xz74otr\" referrerpolicy=\"origin-when-cross-origin\" src=\"https:\/\/static.xx.fbcdn.net\/images\/emoji.php\/v9\/t6c\/1\/16\/1f4aa.png\" \/><\/span><\/div>\n<div dir=\"auto\">Dzi\u0119kujemy im bardzo i gratulujemy!<span class=\"html-span xexx8yu x4uap5 x18d9i69 xkhd6sd x1hl2dhg x16tdsg8 x1vvkbs x3nfvp2 x1j61x8r x1fcty0u xdj266r xat24cr xgzva0m xhhsvwb xxymvpz xlup9mm x1kky2od\"><img loading=\"lazy\" decoding=\"async\" height=\"16\" id=\"cien\" width=\"16\" alt=\"\ud83e\udd70\" class=\"xz74otr\" referrerpolicy=\"origin-when-cross-origin\" src=\"https:\/\/static.xx.fbcdn.net\/images\/emoji.php\/v9\/tea\/1\/16\/1f970.png\" \/> Zobacz wi\u0119cej zdj\u0119\u0107 na naszym <a href=\"https:\/\/www.facebook.com\/permalink.php?story_fbid=pfbid02DsZa8t7UvCGvqhR3XifuBzkwJqqBko5bzjzFLtDvGMjDjvqqhwMUhDbB77fXrydel&amp;id=100090341082264\" target=\"_blank\" rel=\"noopener\">fanpage!<\/a><\/span><\/div>\n","protected":false},"excerpt":{"rendered":"<p>Dzisiaj nasi uczniowie z klasy VIII i VII uczestniczyli w gminnych zawodach sportowych, kt\u00f3re odby\u0142y si\u0119 w Szkole Podstawowej w Chodlu. By\u0142 to tenis sto\u0142owy dru\u017cynowy. Wyst\u0105pili\u015bmy w du\u017cym sk\u0142adzie, jedna dru\u017cyna dziewcz\u0105t: Oliwia i Maja oraz cztery dru\u017cyny ch\u0142opc\u00f3w: Micha\u0142 i Szymon, Marcin i Brajan, B\u0142a\u017cej i Piotr, Artur i Kacper. Wszyscy dali z [&hellip;]<\/p>\n","protected":false},"author":2,"featured_media":811,"comment_status":"closed","ping_status":"open","sticky":false,"template":"","format":"standard","meta":{"footnotes":""},"categories":[2],"tags":[],"class_list":["post-810","post","type-post","status-publish","format-standard","has-post-thumbnail","hentry","category-akt"],"_links":{"self":[{"href":"https:\/\/ratoszyn.eu\/index.php\/wp-json\/wp\/v2\/posts\/810","targetHints":{"allow":["GET"]}}],"collection":[{"href":"https:\/\/ratoszyn.eu\/index.php\/wp-json\/wp\/v2\/posts"}],"about":[{"href":"https:\/\/ratoszyn.eu\/index.php\/wp-json\/wp\/v2\/types\/post"}],"author":[{"embeddable":true,"href":"https:\/\/ratoszyn.eu\/index.php\/wp-json\/wp\/v2\/users\/2"}],"replies":[{"embeddable":true,"href":"https:\/\/ratoszyn.eu\/index.php\/wp-json\/wp\/v2\/comments?post=810"}],"version-history":[{"count":3,"href":"https:\/\/ratoszyn.eu\/index.php\/wp-json\/wp\/v2\/posts\/810\/revisions"}],"predecessor-version":[{"id":816,"href":"https:\/\/ratoszyn.eu\/index.php\/wp-json\/wp\/v2\/posts\/810\/revisions\/816"}],"wp:featuredmedia":[{"embeddable":true,"href":"https:\/\/ratoszyn.eu\/index.php\/wp-json\/wp\/v2\/media\/811"}],"wp:attachment":[{"href":"https:\/\/ratoszyn.eu\/index.php\/wp-json\/wp\/v2\/media?parent=810"}],"wp:term":[{"taxonomy":"category","embeddable":true,"href":"https:\/\/ratoszyn.eu\/index.php\/wp-json\/wp\/v2\/categories?post=810"},{"taxonomy":"post_tag","embeddable":true,"href":"https:\/\/ratoszyn.eu\/index.php\/wp-json\/wp\/v2\/tags?post=810"}],"curies":[{"name":"wp","href":"https:\/\/api.w.org\/{rel}","templated":true}]}}