{"id":764,"date":"2024-10-02T17:53:45","date_gmt":"2024-10-02T17:53:45","guid":{"rendered":"https:\/\/ratoszyn.eu\/?p=764"},"modified":"2024-10-03T05:53:47","modified_gmt":"2024-10-03T05:53:47","slug":"powodzie-w-naszym-kraju","status":"publish","type":"post","link":"https:\/\/ratoszyn.eu\/index.php\/2024\/10\/02\/powodzie-w-naszym-kraju\/","title":{"rendered":"Powodzie w naszym kraju."},"content":{"rendered":"<p><span>W dniu dzisiejszym uczniowie z klasy VIII Pawe\u0142 i Marcel przeprowadzili lekcj\u0119 dla m\u0142odszych koleg\u00f3w z klasy II. Temat dotyczy\u0142 bie\u017c\u0105cych wydarze\u0144 rozgrywaj\u0105cych si\u0119 w naszym kraju, mianowicie powodzi.<\/span><span class=\"html-span xexx8yu x4uap5 x18d9i69 xkhd6sd x1hl2dhg x16tdsg8 x1vvkbs x3nfvp2 x1j61x8r x1fcty0u xdj266r xat24cr xgzva0m xhhsvwb xxymvpz xlup9mm x1kky2od\"><img loading=\"lazy\" decoding=\"async\" height=\"16\" width=\"16\" alt=\"\ud83c\udf0a\" class=\"xz74otr\" referrerpolicy=\"origin-when-cross-origin\" src=\"https:\/\/static.xx.fbcdn.net\/images\/emoji.php\/v9\/tbc\/1\/16\/1f30a.png\" \/><\/span><span> Ch\u0142opcy opowiedzieli o przyczynach, sposobie post\u0119powania, najwi\u0119kszych powodziach, nie tylko w Polsce oraz ogromnych stratach jakie one przynios\u0142y. M\u0142odsi koledzy docenili interesuj\u0105cy przekaz oraz ogromn\u0105 dawk\u0119 wiedzy<\/span><span class=\"html-span xexx8yu x4uap5 x18d9i69 xkhd6sd x1hl2dhg x16tdsg8 x1vvkbs x3nfvp2 x1j61x8r x1fcty0u xdj266r xat24cr xgzva0m xhhsvwb xxymvpz xlup9mm x1kky2od\"><img loading=\"lazy\" decoding=\"async\" height=\"16\" width=\"16\" alt=\"\ud83d\ude0a\" class=\"xz74otr\" referrerpolicy=\"origin-when-cross-origin\" src=\"https:\/\/static.xx.fbcdn.net\/images\/emoji.php\/v9\/t7f\/1\/16\/1f60a.png\" \/>. Zapraszamy do ogl\u0105dania relacji r\u00f3wnie\u017c na naszym <a href=\"https:\/\/www.facebook.com\/permalink.php?story_fbid=pfbid02iA1AKiNVCdD2abjvS2ptDwhNRYwkPkJxyCBQVqKywNKsNmaLqBwD3sztc3Tpkf6El&amp;id=100090341082264\" target=\"_blank\" rel=\"noopener\">facebook`u<\/a>.<\/span><\/p>\n","protected":false},"excerpt":{"rendered":"<p>W dniu dzisiejszym uczniowie z klasy VIII Pawe\u0142 i Marcel przeprowadzili lekcj\u0119 dla m\u0142odszych koleg\u00f3w z klasy II. Temat dotyczy\u0142 bie\u017c\u0105cych wydarze\u0144 rozgrywaj\u0105cych si\u0119 w naszym kraju, mianowicie powodzi. Ch\u0142opcy opowiedzieli o przyczynach, sposobie post\u0119powania, najwi\u0119kszych powodziach, nie tylko w Polsce oraz ogromnych stratach jakie one przynios\u0142y. M\u0142odsi koledzy docenili interesuj\u0105cy przekaz oraz ogromn\u0105 dawk\u0119 [&hellip;]<\/p>\n","protected":false},"author":2,"featured_media":765,"comment_status":"closed","ping_status":"open","sticky":false,"template":"","format":"standard","meta":{"footnotes":""},"categories":[2],"tags":[],"class_list":["post-764","post","type-post","status-publish","format-standard","has-post-thumbnail","hentry","category-akt"],"_links":{"self":[{"href":"https:\/\/ratoszyn.eu\/index.php\/wp-json\/wp\/v2\/posts\/764","targetHints":{"allow":["GET"]}}],"collection":[{"href":"https:\/\/ratoszyn.eu\/index.php\/wp-json\/wp\/v2\/posts"}],"about":[{"href":"https:\/\/ratoszyn.eu\/index.php\/wp-json\/wp\/v2\/types\/post"}],"author":[{"embeddable":true,"href":"https:\/\/ratoszyn.eu\/index.php\/wp-json\/wp\/v2\/users\/2"}],"replies":[{"embeddable":true,"href":"https:\/\/ratoszyn.eu\/index.php\/wp-json\/wp\/v2\/comments?post=764"}],"version-history":[{"count":2,"href":"https:\/\/ratoszyn.eu\/index.php\/wp-json\/wp\/v2\/posts\/764\/revisions"}],"predecessor-version":[{"id":767,"href":"https:\/\/ratoszyn.eu\/index.php\/wp-json\/wp\/v2\/posts\/764\/revisions\/767"}],"wp:featuredmedia":[{"embeddable":true,"href":"https:\/\/ratoszyn.eu\/index.php\/wp-json\/wp\/v2\/media\/765"}],"wp:attachment":[{"href":"https:\/\/ratoszyn.eu\/index.php\/wp-json\/wp\/v2\/media?parent=764"}],"wp:term":[{"taxonomy":"category","embeddable":true,"href":"https:\/\/ratoszyn.eu\/index.php\/wp-json\/wp\/v2\/categories?post=764"},{"taxonomy":"post_tag","embeddable":true,"href":"https:\/\/ratoszyn.eu\/index.php\/wp-json\/wp\/v2\/tags?post=764"}],"curies":[{"name":"wp","href":"https:\/\/api.w.org\/{rel}","templated":true}]}}