{"id":582,"date":"2024-06-17T05:27:51","date_gmt":"2024-06-17T05:27:51","guid":{"rendered":"https:\/\/ratoszyn.eu\/?p=582"},"modified":"2024-06-17T05:28:24","modified_gmt":"2024-06-17T05:28:24","slug":"podsumowanie-projektu-podroze-male-i-duze","status":"publish","type":"post","link":"https:\/\/ratoszyn.eu\/index.php\/2024\/06\/17\/podsumowanie-projektu-podroze-male-i-duze\/","title":{"rendered":"Podsumowanie projektu &#8222;Podr\u00f3\u017ce ma\u0142e i du\u017ce&#8221;"},"content":{"rendered":"<p>Nadszed\u0142 czas na podsumowanie projektu edukacyjnego &#8222;Podr\u00f3\u017ce ma\u0142e i du\u017ce&#8221; realizowanego w drugim semestrze w klasie II. Uczniowie wsp\u00f3lnie w klasie czytali ksi\u0105\u017ck\u0119 Agnieszki Stelmaszczyk pt. &#8222;Mazurscy w podr\u00f3\u017cy. Kamie\u0144 przeznaczenia&#8221;. W pierwszej kolejno\u015bci wykonali zadania obowi\u0105zkowe m. in. om\u00f3wili tre\u015b\u0107 lektury i wykonali karty pracy, zaprojektowali ok\u0142adk\u0119 w &#8222;Dzienniczku podr\u00f3\u017cnika&#8221;, odbyli kulinarn\u0105 podr\u00f3\u017c po Wielkiej Brytanii wraz z bohaterami lektury oraz zapoznali si\u0119 z ciekawostkami muzycznymi tego kraju korzystaj\u0105c z zasob\u00f3w Internetu.<\/p>\n<p><span style=\"font-family: arial, helvetica, sans-serif;\"><!--moreCzytaj dalej--><\/span>Drugoklasi\u015bci wykonali r\u00f3wnie\u017c trzy dodatkowe zadania: zapoznali si\u0119 z map\u0105 fizyczn\u0105 i polityczn\u0105 Wielkiej Brytanii, wyszukali informacj\u0119 oraz ciekawostki o zabytkach i regionach turystycznych WB, na koniec wykorzystuj\u0105c zdobyte wiadomo\u015bci wykonali gazetk\u0119 klasow\u0105 o tym ciekawym pa\u0144stwie. Wielu z po\u015br\u00f3d uczni\u00f3w chcia\u0142oby odby\u0107 podr\u00f3\u017c do Wielkiej Brytanii, by zobaczy\u0107 w rzeczywisto\u015bci omawiane miejsca.<br \/>\nTrzymamy kciuki, aby ich marzenia si\u0119 spe\u0142ni\u0142y!!!<\/p>\n","protected":false},"excerpt":{"rendered":"<p>Nadszed\u0142 czas na podsumowanie projektu edukacyjnego &#8222;Podr\u00f3\u017ce ma\u0142e i du\u017ce&#8221; realizowanego w drugim semestrze w klasie II. Uczniowie wsp\u00f3lnie w klasie czytali ksi\u0105\u017ck\u0119 Agnieszki Stelmaszczyk pt. &#8222;Mazurscy w podr\u00f3\u017cy. Kamie\u0144 przeznaczenia&#8221;. W pierwszej kolejno\u015bci wykonali zadania obowi\u0105zkowe m. in. om\u00f3wili tre\u015b\u0107 lektury i wykonali karty pracy, zaprojektowali ok\u0142adk\u0119 w &#8222;Dzienniczku podr\u00f3\u017cnika&#8221;, odbyli kulinarn\u0105 podr\u00f3\u017c po [&hellip;]<\/p>\n","protected":false},"author":2,"featured_media":583,"comment_status":"closed","ping_status":"open","sticky":false,"template":"","format":"standard","meta":{"footnotes":""},"categories":[2],"tags":[],"class_list":["post-582","post","type-post","status-publish","format-standard","has-post-thumbnail","hentry","category-akt"],"_links":{"self":[{"href":"https:\/\/ratoszyn.eu\/index.php\/wp-json\/wp\/v2\/posts\/582","targetHints":{"allow":["GET"]}}],"collection":[{"href":"https:\/\/ratoszyn.eu\/index.php\/wp-json\/wp\/v2\/posts"}],"about":[{"href":"https:\/\/ratoszyn.eu\/index.php\/wp-json\/wp\/v2\/types\/post"}],"author":[{"embeddable":true,"href":"https:\/\/ratoszyn.eu\/index.php\/wp-json\/wp\/v2\/users\/2"}],"replies":[{"embeddable":true,"href":"https:\/\/ratoszyn.eu\/index.php\/wp-json\/wp\/v2\/comments?post=582"}],"version-history":[{"count":2,"href":"https:\/\/ratoszyn.eu\/index.php\/wp-json\/wp\/v2\/posts\/582\/revisions"}],"predecessor-version":[{"id":585,"href":"https:\/\/ratoszyn.eu\/index.php\/wp-json\/wp\/v2\/posts\/582\/revisions\/585"}],"wp:featuredmedia":[{"embeddable":true,"href":"https:\/\/ratoszyn.eu\/index.php\/wp-json\/wp\/v2\/media\/583"}],"wp:attachment":[{"href":"https:\/\/ratoszyn.eu\/index.php\/wp-json\/wp\/v2\/media?parent=582"}],"wp:term":[{"taxonomy":"category","embeddable":true,"href":"https:\/\/ratoszyn.eu\/index.php\/wp-json\/wp\/v2\/categories?post=582"},{"taxonomy":"post_tag","embeddable":true,"href":"https:\/\/ratoszyn.eu\/index.php\/wp-json\/wp\/v2\/tags?post=582"}],"curies":[{"name":"wp","href":"https:\/\/api.w.org\/{rel}","templated":true}]}}