{"id":568,"date":"2024-06-16T08:58:45","date_gmt":"2024-06-16T08:58:45","guid":{"rendered":"https:\/\/ratoszyn.eu\/?p=568"},"modified":"2024-06-16T08:59:50","modified_gmt":"2024-06-16T08:59:50","slug":"dzienniczek-lektur","status":"publish","type":"post","link":"https:\/\/ratoszyn.eu\/index.php\/2024\/06\/16\/dzienniczek-lektur\/","title":{"rendered":"Dzienniczek lektur"},"content":{"rendered":"<div dir=\"auto\">&#8222;Dzienniczek lektur &#8211; ciekawe i po\u017cyteczne zapiski uczni\u00f3w klasy VII i VIII&#8221;.<span class=\"html-span xexx8yu x4uap5 x18d9i69 xkhd6sd x1hl2dhg x16tdsg8 x1vvkbs x3nfvp2 x1j61x8r x1fcty0u xdj266r xat24cr xgzva0m xhhsvwb xxymvpz xlup9mm x1kky2od\"><img loading=\"lazy\" decoding=\"async\" height=\"16\" width=\"16\" alt=\"\ud83d\udcdd\" class=\"xz74otr\" referrerpolicy=\"origin-when-cross-origin\" src=\"https:\/\/static.xx.fbcdn.net\/images\/emoji.php\/v9\/tcc\/1\/16\/1f4dd.png\" \/><\/span><span class=\"html-span xexx8yu x4uap5 x18d9i69 xkhd6sd x1hl2dhg x16tdsg8 x1vvkbs x3nfvp2 x1j61x8r x1fcty0u xdj266r xat24cr xgzva0m xhhsvwb xxymvpz xlup9mm x1kky2od\"><img loading=\"lazy\" decoding=\"async\" height=\"16\" width=\"16\" alt=\"\ud83d\udcd2\" class=\"xz74otr\" referrerpolicy=\"origin-when-cross-origin\" src=\"https:\/\/static.xx.fbcdn.net\/images\/emoji.php\/v9\/t9a\/1\/16\/1f4d2.png\" \/><\/span><span class=\"html-span xexx8yu x4uap5 x18d9i69 xkhd6sd x1hl2dhg x16tdsg8 x1vvkbs x3nfvp2 x1j61x8r x1fcty0u xdj266r xat24cr xgzva0m xhhsvwb xxymvpz xlup9mm x1kky2od\"><img loading=\"lazy\" decoding=\"async\" height=\"16\" width=\"16\" alt=\"\ud83d\udcd6\" class=\"xz74otr\" referrerpolicy=\"origin-when-cross-origin\" src=\"https:\/\/static.xx.fbcdn.net\/images\/emoji.php\/v9\/t9e\/1\/16\/1f4d6.png\" \/><\/span> Konkurs rozstrzygni\u0119ty!!!<\/div>\n<div dir=\"auto\">Uczniowie klas VII i VIII Szko\u0142y Podstawowej w Ratoszynie Drugim od klasy IV pod okiem nauczycielki j\u0119zyka polskiego prowadzili zapiski dotycz\u0105ce swoich kontakt\u00f3w z ksi\u0105\u017ck\u0105 &#8211; zapiski po\u017cyteczne, ciekawe, ilustrowane, \u015bmieszne,&#8230; cenne.<\/div>\n<div dir=\"auto\"><\/div>\n<p><span style=\"font-family: arial, helvetica, sans-serif;\"><!--moreCzytaj dalej-->\u00a0<\/span><\/p>\n<div dir=\"auto\">Najbardziej systematycznymi, uwa\u017cnymi i pomys\u0142owymi dziennikarzami okazali si\u0119:<\/div>\n<div dir=\"auto\">I miejsce &#8211; Bartosz Ryniewski &#8211; kl. VIII<\/div>\n<div dir=\"auto\">II miejsce &#8211; <span class=\"html-span xdj266r x11i5rnm xat24cr x1mh8g0r xexx8yu x4uap5 x18d9i69 xkhd6sd x1hl2dhg x16tdsg8 x1vvkbs\"><a tabindex=\"-1\"><\/a><\/span>Oliwia Walczyk &#8211; kl. VII<\/div>\n<div dir=\"auto\">III miejsce &#8211; Weronika Majewska i Pawe\u0142 Giza &#8211; kl. VII oraz Vasylyna Hrynak &#8211; kl. VIII.<\/div>\n<div dir=\"auto\">Gratulujemy wytrwa\u0142o\u015bci!<span class=\"html-span xexx8yu x4uap5 x18d9i69 xkhd6sd x1hl2dhg x16tdsg8 x1vvkbs x3nfvp2 x1j61x8r x1fcty0u xdj266r xat24cr xgzva0m xhhsvwb xxymvpz xlup9mm x1kky2od\"><img loading=\"lazy\" decoding=\"async\" height=\"16\" width=\"16\" alt=\"\u263a\ufe0f\" class=\"xz74otr\" referrerpolicy=\"origin-when-cross-origin\" src=\"https:\/\/static.xx.fbcdn.net\/images\/emoji.php\/v9\/tfb\/1\/16\/263a.png\" \/><\/span><\/div>\n","protected":false},"excerpt":{"rendered":"<p>&#8222;Dzienniczek lektur &#8211; ciekawe i po\u017cyteczne zapiski uczni\u00f3w klasy VII i VIII&#8221;. Konkurs rozstrzygni\u0119ty!!! Uczniowie klas VII i VIII Szko\u0142y Podstawowej w Ratoszynie Drugim od klasy IV pod okiem nauczycielki j\u0119zyka polskiego prowadzili zapiski dotycz\u0105ce swoich kontakt\u00f3w z ksi\u0105\u017ck\u0105 &#8211; zapiski po\u017cyteczne, ciekawe, ilustrowane, \u015bmieszne,&#8230; cenne.<\/p>\n","protected":false},"author":2,"featured_media":569,"comment_status":"closed","ping_status":"open","sticky":false,"template":"","format":"standard","meta":{"footnotes":""},"categories":[2],"tags":[],"class_list":["post-568","post","type-post","status-publish","format-standard","has-post-thumbnail","hentry","category-akt"],"_links":{"self":[{"href":"https:\/\/ratoszyn.eu\/index.php\/wp-json\/wp\/v2\/posts\/568","targetHints":{"allow":["GET"]}}],"collection":[{"href":"https:\/\/ratoszyn.eu\/index.php\/wp-json\/wp\/v2\/posts"}],"about":[{"href":"https:\/\/ratoszyn.eu\/index.php\/wp-json\/wp\/v2\/types\/post"}],"author":[{"embeddable":true,"href":"https:\/\/ratoszyn.eu\/index.php\/wp-json\/wp\/v2\/users\/2"}],"replies":[{"embeddable":true,"href":"https:\/\/ratoszyn.eu\/index.php\/wp-json\/wp\/v2\/comments?post=568"}],"version-history":[{"count":4,"href":"https:\/\/ratoszyn.eu\/index.php\/wp-json\/wp\/v2\/posts\/568\/revisions"}],"predecessor-version":[{"id":573,"href":"https:\/\/ratoszyn.eu\/index.php\/wp-json\/wp\/v2\/posts\/568\/revisions\/573"}],"wp:featuredmedia":[{"embeddable":true,"href":"https:\/\/ratoszyn.eu\/index.php\/wp-json\/wp\/v2\/media\/569"}],"wp:attachment":[{"href":"https:\/\/ratoszyn.eu\/index.php\/wp-json\/wp\/v2\/media?parent=568"}],"wp:term":[{"taxonomy":"category","embeddable":true,"href":"https:\/\/ratoszyn.eu\/index.php\/wp-json\/wp\/v2\/categories?post=568"},{"taxonomy":"post_tag","embeddable":true,"href":"https:\/\/ratoszyn.eu\/index.php\/wp-json\/wp\/v2\/tags?post=568"}],"curies":[{"name":"wp","href":"https:\/\/api.w.org\/{rel}","templated":true}]}}