{"id":565,"date":"2024-06-16T08:57:11","date_gmt":"2024-06-16T08:57:11","guid":{"rendered":"https:\/\/ratoszyn.eu\/?p=565"},"modified":"2024-06-16T08:57:11","modified_gmt":"2024-06-16T08:57:11","slug":"konkurs-ortograficzny-mistrz-ortografii-2024","status":"publish","type":"post","link":"https:\/\/ratoszyn.eu\/index.php\/2024\/06\/16\/konkurs-ortograficzny-mistrz-ortografii-2024\/","title":{"rendered":"Konkurs Ortograficzny &#8222;Mistrz Ortografii&#8221; 2024"},"content":{"rendered":"<div dir=\"auto\">Uczniowie klasy II i III wzi\u0119li udzia\u0142 w mi\u0119dzy klasowym konkursie ortograficznym &#8222;Mistrz ortografii&#8221;. Reprezentanci poszczeg\u00f3lnych klas 11 czerwca przyst\u0105pili do drugiego etapu konkursu. Po sprawdzeniu prac Pani Urszula Jakubczak oraz Pani Dorota Majewska wy\u0142oni\u0142y zwyci\u0119zc\u00f3w.<\/div>\n<div dir=\"auto\">Gratulujemy!<\/div>\n","protected":false},"excerpt":{"rendered":"<p>Uczniowie klasy II i III wzi\u0119li udzia\u0142 w mi\u0119dzy klasowym konkursie ortograficznym &#8222;Mistrz ortografii&#8221;. Reprezentanci poszczeg\u00f3lnych klas 11 czerwca przyst\u0105pili do drugiego etapu konkursu. Po sprawdzeniu prac Pani Urszula Jakubczak oraz Pani Dorota Majewska wy\u0142oni\u0142y zwyci\u0119zc\u00f3w. Gratulujemy!<\/p>\n","protected":false},"author":2,"featured_media":566,"comment_status":"closed","ping_status":"open","sticky":false,"template":"","format":"standard","meta":{"footnotes":""},"categories":[2],"tags":[],"class_list":["post-565","post","type-post","status-publish","format-standard","has-post-thumbnail","hentry","category-akt"],"_links":{"self":[{"href":"https:\/\/ratoszyn.eu\/index.php\/wp-json\/wp\/v2\/posts\/565","targetHints":{"allow":["GET"]}}],"collection":[{"href":"https:\/\/ratoszyn.eu\/index.php\/wp-json\/wp\/v2\/posts"}],"about":[{"href":"https:\/\/ratoszyn.eu\/index.php\/wp-json\/wp\/v2\/types\/post"}],"author":[{"embeddable":true,"href":"https:\/\/ratoszyn.eu\/index.php\/wp-json\/wp\/v2\/users\/2"}],"replies":[{"embeddable":true,"href":"https:\/\/ratoszyn.eu\/index.php\/wp-json\/wp\/v2\/comments?post=565"}],"version-history":[{"count":1,"href":"https:\/\/ratoszyn.eu\/index.php\/wp-json\/wp\/v2\/posts\/565\/revisions"}],"predecessor-version":[{"id":567,"href":"https:\/\/ratoszyn.eu\/index.php\/wp-json\/wp\/v2\/posts\/565\/revisions\/567"}],"wp:featuredmedia":[{"embeddable":true,"href":"https:\/\/ratoszyn.eu\/index.php\/wp-json\/wp\/v2\/media\/566"}],"wp:attachment":[{"href":"https:\/\/ratoszyn.eu\/index.php\/wp-json\/wp\/v2\/media?parent=565"}],"wp:term":[{"taxonomy":"category","embeddable":true,"href":"https:\/\/ratoszyn.eu\/index.php\/wp-json\/wp\/v2\/categories?post=565"},{"taxonomy":"post_tag","embeddable":true,"href":"https:\/\/ratoszyn.eu\/index.php\/wp-json\/wp\/v2\/tags?post=565"}],"curies":[{"name":"wp","href":"https:\/\/api.w.org\/{rel}","templated":true}]}}