{"id":549,"date":"2024-06-12T15:54:52","date_gmt":"2024-06-12T15:54:52","guid":{"rendered":"https:\/\/ratoszyn.eu\/?p=549"},"modified":"2024-06-12T15:57:38","modified_gmt":"2024-06-12T15:57:38","slug":"spektakl-polskie-miasta-w-basni-i-legendzie-w-ckip","status":"publish","type":"post","link":"https:\/\/ratoszyn.eu\/index.php\/2024\/06\/12\/spektakl-polskie-miasta-w-basni-i-legendzie-w-ckip\/","title":{"rendered":"Spektakl &#8222;Polskie miasta w ba\u015bni i legendzie&#8221; w CKiP"},"content":{"rendered":"<p><span>W dniu dzisiejszym uczniowie klas I-III oraz Przedszkolaki udali si\u0119 do CKiP w Kra\u015bniku na spektakl<\/span><span class=\"html-span xexx8yu x4uap5 x18d9i69 xkhd6sd x1hl2dhg x16tdsg8 x1vvkbs x3nfvp2 x1j61x8r x1fcty0u xdj266r xat24cr xgzva0m xhhsvwb xxymvpz xlup9mm x1kky2od\"><img loading=\"lazy\" decoding=\"async\" height=\"16\" width=\"16\" alt=\"\ud83c\udfad\" class=\"xz74otr\" referrerpolicy=\"origin-when-cross-origin\" src=\"https:\/\/static.xx.fbcdn.net\/images\/emoji.php\/v9\/tae\/1\/16\/1f3ad.png\" \/><\/span><span> pt. &#8222;Polskie miasta w ba\u015bni i legendzie&#8221;. Podczas widowiska dzieci zapozna\u0142y si\u0119 z histori\u0105 najwi\u0119kszych miast w Polsce i z zainteresowaniem \u015bledzi\u0142y losy bohater\u00f3w<\/span><span class=\"html-span xexx8yu x4uap5 x18d9i69 xkhd6sd x1hl2dhg x16tdsg8 x1vvkbs x3nfvp2 x1j61x8r x1fcty0u xdj266r xat24cr xgzva0m xhhsvwb xxymvpz xlup9mm x1kky2od\"><img loading=\"lazy\" decoding=\"async\" height=\"16\" width=\"16\" alt=\"\ud83d\ude0a\" class=\"xz74otr\" referrerpolicy=\"origin-when-cross-origin\" src=\"https:\/\/static.xx.fbcdn.net\/images\/emoji.php\/v9\/t7f\/1\/16\/1f60a.png\" \/>. <a href=\"https:\/\/www.facebook.com\/permalink.php?story_fbid=pfbid0vErPg68QVPem7DUR2Pa4aFShxAkoujYoiD8v5VHv55zi5rALbPeEL3zFtUbhrDSXl&amp;id=100090341082264\" target=\"_blank\" rel=\"noopener\">Zobacz wi\u0119cej na naszym fanpage`u.<\/a><\/span><\/p>\n<p><span>\u00a0<\/span><\/p>\n<p><span>\u00a0<\/span><\/p>\n","protected":false},"excerpt":{"rendered":"<p>W dniu dzisiejszym uczniowie klas I-III oraz Przedszkolaki udali si\u0119 do CKiP w Kra\u015bniku na spektakl pt. &#8222;Polskie miasta w ba\u015bni i legendzie&#8221;. Podczas widowiska dzieci zapozna\u0142y si\u0119 z histori\u0105 najwi\u0119kszych miast w Polsce i z zainteresowaniem \u015bledzi\u0142y losy bohater\u00f3w. Zobacz wi\u0119cej na naszym fanpage`u. \u00a0 \u00a0<\/p>\n","protected":false},"author":2,"featured_media":551,"comment_status":"closed","ping_status":"open","sticky":false,"template":"","format":"standard","meta":{"footnotes":""},"categories":[2],"tags":[],"class_list":["post-549","post","type-post","status-publish","format-standard","has-post-thumbnail","hentry","category-akt"],"_links":{"self":[{"href":"https:\/\/ratoszyn.eu\/index.php\/wp-json\/wp\/v2\/posts\/549","targetHints":{"allow":["GET"]}}],"collection":[{"href":"https:\/\/ratoszyn.eu\/index.php\/wp-json\/wp\/v2\/posts"}],"about":[{"href":"https:\/\/ratoszyn.eu\/index.php\/wp-json\/wp\/v2\/types\/post"}],"author":[{"embeddable":true,"href":"https:\/\/ratoszyn.eu\/index.php\/wp-json\/wp\/v2\/users\/2"}],"replies":[{"embeddable":true,"href":"https:\/\/ratoszyn.eu\/index.php\/wp-json\/wp\/v2\/comments?post=549"}],"version-history":[{"count":4,"href":"https:\/\/ratoszyn.eu\/index.php\/wp-json\/wp\/v2\/posts\/549\/revisions"}],"predecessor-version":[{"id":561,"href":"https:\/\/ratoszyn.eu\/index.php\/wp-json\/wp\/v2\/posts\/549\/revisions\/561"}],"wp:featuredmedia":[{"embeddable":true,"href":"https:\/\/ratoszyn.eu\/index.php\/wp-json\/wp\/v2\/media\/551"}],"wp:attachment":[{"href":"https:\/\/ratoszyn.eu\/index.php\/wp-json\/wp\/v2\/media?parent=549"}],"wp:term":[{"taxonomy":"category","embeddable":true,"href":"https:\/\/ratoszyn.eu\/index.php\/wp-json\/wp\/v2\/categories?post=549"},{"taxonomy":"post_tag","embeddable":true,"href":"https:\/\/ratoszyn.eu\/index.php\/wp-json\/wp\/v2\/tags?post=549"}],"curies":[{"name":"wp","href":"https:\/\/api.w.org\/{rel}","templated":true}]}}