{"id":515,"date":"2024-06-07T05:22:13","date_gmt":"2024-06-07T05:22:13","guid":{"rendered":"https:\/\/ratoszyn.eu\/?p=515"},"modified":"2024-06-10T08:05:17","modified_gmt":"2024-06-10T08:05:17","slug":"warsztaty-klas-1-3","status":"publish","type":"post","link":"https:\/\/ratoszyn.eu\/index.php\/2024\/06\/07\/warsztaty-klas-1-3\/","title":{"rendered":"Warsztaty klas 1-3"},"content":{"rendered":"<p><span>W dniu 28 maja uczniowie klas I-III uczestniczyli w warsztatach florystycznych<\/span><span class=\"html-span xexx8yu x4uap5 x18d9i69 xkhd6sd x1hl2dhg x16tdsg8 x1vvkbs x3nfvp2 x1j61x8r x1fcty0u xdj266r xat24cr xgzva0m xhhsvwb xxymvpz xlup9mm x1kky2od\"><img loading=\"lazy\" decoding=\"async\" height=\"16\" width=\"16\" alt=\"\ud83c\udf37\" class=\"xz74otr\" referrerpolicy=\"origin-when-cross-origin\" src=\"https:\/\/static.xx.fbcdn.net\/images\/emoji.php\/v9\/t6f\/1\/16\/1f337.png\" \/><\/span><span class=\"html-span xexx8yu x4uap5 x18d9i69 xkhd6sd x1hl2dhg x16tdsg8 x1vvkbs x3nfvp2 x1j61x8r x1fcty0u xdj266r xat24cr xgzva0m xhhsvwb xxymvpz xlup9mm x1kky2od\"><img loading=\"lazy\" decoding=\"async\" height=\"16\" width=\"16\" alt=\"\ud83c\udf3f\" class=\"xz74otr\" referrerpolicy=\"origin-when-cross-origin\" src=\"https:\/\/static.xx.fbcdn.net\/images\/emoji.php\/v9\/t1e\/1\/16\/1f33f.png\" \/><\/span><span> z okazji \u015awi\u0119ta Mamy i Taty. Ka\u017cdy z uczni\u00f3w samodzielnie krok po kroku stworz\u0142 w\u0142asny bukiet<\/span><span class=\"html-span xexx8yu x4uap5 x18d9i69 xkhd6sd x1hl2dhg x16tdsg8 x1vvkbs x3nfvp2 x1j61x8r x1fcty0u xdj266r xat24cr xgzva0m xhhsvwb xxymvpz xlup9mm x1kky2od\"><img loading=\"lazy\" decoding=\"async\" height=\"16\" width=\"16\" alt=\"\ud83d\udc90\" class=\"xz74otr\" referrerpolicy=\"origin-when-cross-origin\" src=\"https:\/\/static.xx.fbcdn.net\/images\/emoji.php\/v9\/te3\/1\/16\/1f490.png\" \/> <a href=\"https:\/\/www.facebook.com\/permalink.php?story_fbid=pfbid044Wb1VH4rPXzVAWzHk5YKs5urWuAurdrtJBwYi9rihwmmjjm18JJqSzmohSMipLal&amp;id=100090341082264\" target=\"_blank\" rel=\"noopener\">Zobacz wi\u0119cej<\/a><\/span><\/p>\n<p>&nbsp;<\/p>\n","protected":false},"excerpt":{"rendered":"<p>W dniu 28 maja uczniowie klas I-III uczestniczyli w warsztatach florystycznych z okazji \u015awi\u0119ta Mamy i Taty. Ka\u017cdy z uczni\u00f3w samodzielnie krok po kroku stworz\u0142 w\u0142asny bukiet Zobacz wi\u0119cej &nbsp;<\/p>\n","protected":false},"author":2,"featured_media":516,"comment_status":"closed","ping_status":"open","sticky":false,"template":"","format":"standard","meta":{"footnotes":""},"categories":[2],"tags":[],"class_list":["post-515","post","type-post","status-publish","format-standard","has-post-thumbnail","hentry","category-akt"],"_links":{"self":[{"href":"https:\/\/ratoszyn.eu\/index.php\/wp-json\/wp\/v2\/posts\/515","targetHints":{"allow":["GET"]}}],"collection":[{"href":"https:\/\/ratoszyn.eu\/index.php\/wp-json\/wp\/v2\/posts"}],"about":[{"href":"https:\/\/ratoszyn.eu\/index.php\/wp-json\/wp\/v2\/types\/post"}],"author":[{"embeddable":true,"href":"https:\/\/ratoszyn.eu\/index.php\/wp-json\/wp\/v2\/users\/2"}],"replies":[{"embeddable":true,"href":"https:\/\/ratoszyn.eu\/index.php\/wp-json\/wp\/v2\/comments?post=515"}],"version-history":[{"count":5,"href":"https:\/\/ratoszyn.eu\/index.php\/wp-json\/wp\/v2\/posts\/515\/revisions"}],"predecessor-version":[{"id":538,"href":"https:\/\/ratoszyn.eu\/index.php\/wp-json\/wp\/v2\/posts\/515\/revisions\/538"}],"wp:featuredmedia":[{"embeddable":true,"href":"https:\/\/ratoszyn.eu\/index.php\/wp-json\/wp\/v2\/media\/516"}],"wp:attachment":[{"href":"https:\/\/ratoszyn.eu\/index.php\/wp-json\/wp\/v2\/media?parent=515"}],"wp:term":[{"taxonomy":"category","embeddable":true,"href":"https:\/\/ratoszyn.eu\/index.php\/wp-json\/wp\/v2\/categories?post=515"},{"taxonomy":"post_tag","embeddable":true,"href":"https:\/\/ratoszyn.eu\/index.php\/wp-json\/wp\/v2\/tags?post=515"}],"curies":[{"name":"wp","href":"https:\/\/api.w.org\/{rel}","templated":true}]}}