{"id":463,"date":"2024-05-26T14:42:00","date_gmt":"2024-05-26T14:42:00","guid":{"rendered":"https:\/\/ratoszyn.eu\/?p=463"},"modified":"2024-05-27T06:28:49","modified_gmt":"2024-05-27T06:28:49","slug":"wyjatkowe-swieto-dzien-mamy-i-taty","status":"publish","type":"post","link":"https:\/\/ratoszyn.eu\/index.php\/2024\/05\/26\/wyjatkowe-swieto-dzien-mamy-i-taty\/","title":{"rendered":"Wyj\u0105tkowe \u015awi\u0119to &#8211; Dzie\u0144 Mamy i Taty"},"content":{"rendered":"<p><img loading=\"lazy\" decoding=\"async\" src=\"https:\/\/ratoszyn.eu\/wp-content\/uploads\/2024\/05\/dzie-mamy.png\" alt=\"\" width=\"320\" height=\"273\" class=\"alignleft wp-image-469\" srcset=\"https:\/\/ratoszyn.eu\/wp-content\/uploads\/2024\/05\/dzie-mamy.png 541w, https:\/\/ratoszyn.eu\/wp-content\/uploads\/2024\/05\/dzie-mamy-281x240.png 281w\" sizes=\"auto, (max-width: 320px) 100vw, 320px\" \/><\/p>\n<div id=\"fb-root\"><\/div>\n<p><script async defer crossorigin=\"anonymous\" src=\"https:\/\/connect.facebook.net\/pl_PL\/sdk.js#xfbml=1&#038;version=v20.0\" nonce=\"ocIa4yU1\"><\/script><\/p>\n<div class=\"fb-video\" data-href=\"https:\/\/www.facebook.com\/100090341082264\/videos\/990833202433552\/\" data-width=\"500\" data-show-text=\"false\">\n<blockquote cite=\"https:\/\/www.facebook.com\/100090341082264\/videos\/990833202433552\/\" class=\"fb-xfbml-parse-ignore\"><p><a href=\"https:\/\/www.facebook.com\/100090341082264\/videos\/990833202433552\/\"><\/a><\/p>\n<p>Dzie\u0144 Mamy i Taty to wyj\u0105tkowe \u015bwi\u0119to, kt\u00f3re obchodzili\u015bmy dzisiaj w przedszkolu. Wideorelacja przygotowana przez Klub Dziennikarza, u\u017cyli\u015bmy sprz\u0119tu zakupionego w ramach programu Laboratoria Przysz\u0142o\u015bci<\/p>\n<p>Opublikowany przez <a href=\"https:\/\/www.facebook.com\/people\/Szko%C5%82a-Podstawowa-w-Ratoszynie-Drugim\/100090341082264\/\">Szko\u0142a Podstawowa w Ratoszynie Drugim<\/a> Czwartek, 23 maja 2024<\/p><\/blockquote>\n<\/div>\n","protected":false},"excerpt":{"rendered":"<p>Dzie\u0144 Mamy i Taty to wyj\u0105tkowe \u015bwi\u0119to, kt\u00f3re obchodzili\u015bmy dzisiaj w przedszkolu. Wideorelacja przygotowana przez Klub Dziennikarza, u\u017cyli\u015bmy sprz\u0119tu zakupionego w ramach programu Laboratoria Przysz\u0142o\u015bci Opublikowany przez Szko\u0142a Podstawowa w Ratoszynie Drugim Czwartek, 23 maja 2024<\/p>\n","protected":false},"author":2,"featured_media":0,"comment_status":"closed","ping_status":"open","sticky":false,"template":"","format":"standard","meta":{"footnotes":""},"categories":[2],"tags":[],"class_list":["post-463","post","type-post","status-publish","format-standard","hentry","category-akt"],"_links":{"self":[{"href":"https:\/\/ratoszyn.eu\/index.php\/wp-json\/wp\/v2\/posts\/463","targetHints":{"allow":["GET"]}}],"collection":[{"href":"https:\/\/ratoszyn.eu\/index.php\/wp-json\/wp\/v2\/posts"}],"about":[{"href":"https:\/\/ratoszyn.eu\/index.php\/wp-json\/wp\/v2\/types\/post"}],"author":[{"embeddable":true,"href":"https:\/\/ratoszyn.eu\/index.php\/wp-json\/wp\/v2\/users\/2"}],"replies":[{"embeddable":true,"href":"https:\/\/ratoszyn.eu\/index.php\/wp-json\/wp\/v2\/comments?post=463"}],"version-history":[{"count":6,"href":"https:\/\/ratoszyn.eu\/index.php\/wp-json\/wp\/v2\/posts\/463\/revisions"}],"predecessor-version":[{"id":470,"href":"https:\/\/ratoszyn.eu\/index.php\/wp-json\/wp\/v2\/posts\/463\/revisions\/470"}],"wp:attachment":[{"href":"https:\/\/ratoszyn.eu\/index.php\/wp-json\/wp\/v2\/media?parent=463"}],"wp:term":[{"taxonomy":"category","embeddable":true,"href":"https:\/\/ratoszyn.eu\/index.php\/wp-json\/wp\/v2\/categories?post=463"},{"taxonomy":"post_tag","embeddable":true,"href":"https:\/\/ratoszyn.eu\/index.php\/wp-json\/wp\/v2\/tags?post=463"}],"curies":[{"name":"wp","href":"https:\/\/api.w.org\/{rel}","templated":true}]}}