{"id":401,"date":"2024-05-02T08:14:57","date_gmt":"2024-05-02T08:14:57","guid":{"rendered":"https:\/\/ratoszyn.eu\/?p=401"},"modified":"2024-05-06T09:04:30","modified_gmt":"2024-05-06T09:04:30","slug":"integracyjne-swietowanie-po-akcji-sprzatania-z-zzokiem","status":"publish","type":"post","link":"https:\/\/ratoszyn.eu\/index.php\/2024\/05\/02\/integracyjne-swietowanie-po-akcji-sprzatania-z-zzokiem\/","title":{"rendered":"Integracyjne \u015awi\u0119towanie po Akcji Sprz\u0105tania z ZZOKiem"},"content":{"rendered":"<p><span>W ubieg\u0142ym tygodniu z okazji Dnia Ziemi\ud83c\udf0d uczniowie naszej szko\u0142y i przedszkolaki w\u0142\u0105czyli si\u0119 w akcj\u0119 &#8222;Sprz\u0105tanie Gminy z ZZOKiem&#8221;, a wczoraj \u2013 ZAS\u0141U\u017bONA NAGRODA! Rodzice: pani Bo\u017cena, pani Klaudia, pani Agnieszka, pani Ilona i pan Grzegorz przygotowali dla wszystkich dzieci kie\u0142baski z grilla. Tym razem pogoda dopisa\u0142a!\ud83c\udf1e<!--moreCzytaj dalej--> By\u0142o bardzo przyjemnie wygrzewa\u0107 si\u0119 w s\u0142oneczku, na posprz\u0105tanym boisku i zajada\u0107 pachn\u0105ce kie\u0142baski. Wszystkim, kt\u00f3rzy przyczynili si\u0119 do tego integracyjnego spotkania, bardzo serdecznie dzi\u0119kujemy!\ud83e\udd70<\/span><\/p>\n","protected":false},"excerpt":{"rendered":"<p>W ubieg\u0142ym tygodniu z okazji Dnia Ziemi\ud83c\udf0d uczniowie naszej szko\u0142y i przedszkolaki w\u0142\u0105czyli si\u0119 w akcj\u0119 &#8222;Sprz\u0105tanie Gminy z ZZOKiem&#8221;, a wczoraj \u2013 ZAS\u0141U\u017bONA NAGRODA! Rodzice: pani Bo\u017cena, pani Klaudia, pani Agnieszka, pani Ilona i pan Grzegorz przygotowali dla wszystkich dzieci kie\u0142baski z grilla. Tym razem pogoda dopisa\u0142a!\ud83c\udf1e<\/p>\n","protected":false},"author":2,"featured_media":406,"comment_status":"closed","ping_status":"open","sticky":false,"template":"","format":"standard","meta":{"footnotes":""},"categories":[2],"tags":[],"class_list":["post-401","post","type-post","status-publish","format-standard","has-post-thumbnail","hentry","category-akt"],"_links":{"self":[{"href":"https:\/\/ratoszyn.eu\/index.php\/wp-json\/wp\/v2\/posts\/401","targetHints":{"allow":["GET"]}}],"collection":[{"href":"https:\/\/ratoszyn.eu\/index.php\/wp-json\/wp\/v2\/posts"}],"about":[{"href":"https:\/\/ratoszyn.eu\/index.php\/wp-json\/wp\/v2\/types\/post"}],"author":[{"embeddable":true,"href":"https:\/\/ratoszyn.eu\/index.php\/wp-json\/wp\/v2\/users\/2"}],"replies":[{"embeddable":true,"href":"https:\/\/ratoszyn.eu\/index.php\/wp-json\/wp\/v2\/comments?post=401"}],"version-history":[{"count":2,"href":"https:\/\/ratoszyn.eu\/index.php\/wp-json\/wp\/v2\/posts\/401\/revisions"}],"predecessor-version":[{"id":404,"href":"https:\/\/ratoszyn.eu\/index.php\/wp-json\/wp\/v2\/posts\/401\/revisions\/404"}],"wp:featuredmedia":[{"embeddable":true,"href":"https:\/\/ratoszyn.eu\/index.php\/wp-json\/wp\/v2\/media\/406"}],"wp:attachment":[{"href":"https:\/\/ratoszyn.eu\/index.php\/wp-json\/wp\/v2\/media?parent=401"}],"wp:term":[{"taxonomy":"category","embeddable":true,"href":"https:\/\/ratoszyn.eu\/index.php\/wp-json\/wp\/v2\/categories?post=401"},{"taxonomy":"post_tag","embeddable":true,"href":"https:\/\/ratoszyn.eu\/index.php\/wp-json\/wp\/v2\/tags?post=401"}],"curies":[{"name":"wp","href":"https:\/\/api.w.org\/{rel}","templated":true}]}}