{"id":338,"date":"2024-04-14T19:03:43","date_gmt":"2024-04-14T19:03:43","guid":{"rendered":"https:\/\/ratoszyn.eu\/?p=338"},"modified":"2024-04-15T07:13:48","modified_gmt":"2024-04-15T07:13:48","slug":"ratownicy-czytelnictwa","status":"publish","type":"post","link":"https:\/\/ratoszyn.eu\/index.php\/2024\/04\/14\/ratownicy-czytelnictwa\/","title":{"rendered":"III edycja Konkursu Promuj\u0105cego Czytanie &#8222;CzytaMy&#8221;"},"content":{"rendered":"<div dir=\"auto\">Szko\u0142a Podstawowa w Ratoszynie Drugim bra\u0142a udzia\u0142 w III edycji Konkursu Promuj\u0105cego Czytanie &#8222;CzytaMy&#8221;.<span class=\"x3nfvp2 x1j61x8r x1fcty0u xdj266r xhhsvwb xat24cr xgzva0m xxymvpz xlup9mm x1kky2od\"><img loading=\"lazy\" decoding=\"async\" height=\"16\" width=\"16\" alt=\"\ud83d\udcda\" class=\"xz74otr\" referrerpolicy=\"origin-when-cross-origin\" src=\"https:\/\/static.xx.fbcdn.net\/images\/emoji.php\/v9\/t49\/1\/16\/1f4da.png\" \/><\/span><span class=\"x3nfvp2 x1j61x8r x1fcty0u xdj266r xhhsvwb xat24cr xgzva0m xxymvpz xlup9mm x1kky2od\"><img loading=\"lazy\" decoding=\"async\" height=\"16\" width=\"16\" alt=\"\ud83d\udcd6\" class=\"xz74otr\" referrerpolicy=\"origin-when-cross-origin\" src=\"https:\/\/static.xx.fbcdn.net\/images\/emoji.php\/v9\/t9e\/1\/16\/1f4d6.png\" \/><\/span> W ramach tej akcji uczniowie &#8211; Ratownicy Czytelnictwa &#8211; czytali ksi\u0105\u017cki, dyskutowali na temat problem\u00f3w ukazanych w lekturach. Klasy m\u0142odsze pozna\u0142y &#8222;Opowie\u015bci o tym, co w \u017cyciu wa\u017cne&#8221; M. Michalaka i po om\u00f3wieniu ksi\u0105\u017cki wykona\u0142y prace plastyczne pt. &#8222;To, co wa\u017cne&#8221;. Uczniowie kl. IV-VI czytali lektur\u0119 pt. &#8222;Ju\u017c, ju\u017c&#8221; K.Wasilkowskiej i po cyklu lekcji napisali prace <span><a tabindex=\"-1\"><\/a><\/span>literackie pt. &#8222;Wyloguj si\u0119 z sieci, zaloguj si\u0119 w realu&#8221; oraz wykonali prace plastyczne pt. &#8222;\u015awiat wok\u00f3\u0142 nas jest wart odkrywania &#8211; zaloguj si\u0119 z nami&#8221;. Klasa VII czyta\u0142a utw\u00f3r K. Ryrych<\/div>\n<p><a href=\"https:\/\/www.facebook.com\/permalink.php?story_fbid=363629109991789&amp;id=100090341082264\" target=\"_blank\" rel=\"noopener\">Zobacz wi\u0119cej na naszym Fanpage<\/a><br \/>\n<!--moreCzytaj dalej--><\/p>\n<div dir=\"auto\">pt. &#8222;Wyspa mojej siostry&#8221; i wykona\u0142a prace plastyczne pt. &#8222;Ka\u017cdy wa\u017cny, ka\u017cdy pi\u0119kny, ka\u017cdy przyjacielem&#8221; .<\/div>\n<div dir=\"auto\">Nagrodzeni uczniowie otrzymali dyplomy i wyr\u00f3\u017cnienia:<\/div>\n<div dir=\"auto\">KATEGORIA II (praca plastyczna):<\/div>\n<div dir=\"auto\">miejsce I &#8211; Nina G. z kl.III<\/div>\n<div dir=\"auto\">miejsce II &#8211; Amelia P. z kl.II<\/div>\n<div dir=\"auto\">miejsce III &#8211; Lena G. z kl.II<\/div>\n<div dir=\"auto\">miejsce III &#8211; Adam Dz. z kl.III<\/div>\n<div dir=\"auto\">WYR\u00d3\u017bNIENIA: Marcelina B. z kl.II, Nikodem W. z kl.III.<\/div>\n<div dir=\"auto\">KATEGORIA III (praca literacka):<\/div>\n<div dir=\"auto\">miejsce I &#8211; Magdalena L. z kl.VI<\/div>\n<div dir=\"auto\">miejsce II &#8211; Zuzanna O. z kl.VI<\/div>\n<div dir=\"auto\">miejsce III &#8211; Marcin M. z kl.VI<\/div>\n<div dir=\"auto\">WYR\u00d3\u017bNIENIA: Jakub P. z kl.VI, Adam J. z kl.VI.<\/div>\n<div dir=\"auto\">PRACE PLASTYCZNE:<\/div>\n<div dir=\"auto\">miejsce I &#8211; Wiktoria P. z kl. V<\/div>\n<div dir=\"auto\">miejsce II &#8211; Kacper Sz. z kl.VI<\/div>\n<div dir=\"auto\">miejsce III &#8211; Natalia K. z kl.IV<\/div>\n<div dir=\"auto\">KATEGORIA IV (praca plastyczna):<\/div>\n<div dir=\"auto\">miejsce I &#8211; Weronika M. z kl.VII<\/div>\n<div dir=\"auto\">Gratulujemy i zach\u0119camy do zobaczenia wi\u0119cej na naszym<a href=\"https:\/\/www.facebook.com\/permalink.php?story_fbid=pfbid0saPvTB3EHnNEMdRcK4fdFdGeZKnW1QUvozLG8BBrxmtfn6D3XgWLep4p6m8tTTYCl&amp;id=100090341082264\" target=\"_blank\" rel=\"noopener\"> fanpage`u!<\/a><\/div>\n","protected":false},"excerpt":{"rendered":"<p>Szko\u0142a Podstawowa w Ratoszynie Drugim bra\u0142a udzia\u0142 w III edycji Konkursu Promuj\u0105cego Czytanie &#8222;CzytaMy&#8221;. W ramach tej akcji uczniowie &#8211; Ratownicy Czytelnictwa &#8211; czytali ksi\u0105\u017cki, dyskutowali na temat problem\u00f3w ukazanych w lekturach. Klasy m\u0142odsze pozna\u0142y &#8222;Opowie\u015bci o tym, co w \u017cyciu wa\u017cne&#8221; M. Michalaka i po om\u00f3wieniu ksi\u0105\u017cki wykona\u0142y prace plastyczne pt. &#8222;To, co wa\u017cne&#8221;. [&hellip;]<\/p>\n","protected":false},"author":2,"featured_media":339,"comment_status":"closed","ping_status":"open","sticky":false,"template":"","format":"standard","meta":{"footnotes":""},"categories":[2],"tags":[],"class_list":["post-338","post","type-post","status-publish","format-standard","has-post-thumbnail","hentry","category-akt"],"_links":{"self":[{"href":"https:\/\/ratoszyn.eu\/index.php\/wp-json\/wp\/v2\/posts\/338","targetHints":{"allow":["GET"]}}],"collection":[{"href":"https:\/\/ratoszyn.eu\/index.php\/wp-json\/wp\/v2\/posts"}],"about":[{"href":"https:\/\/ratoszyn.eu\/index.php\/wp-json\/wp\/v2\/types\/post"}],"author":[{"embeddable":true,"href":"https:\/\/ratoszyn.eu\/index.php\/wp-json\/wp\/v2\/users\/2"}],"replies":[{"embeddable":true,"href":"https:\/\/ratoszyn.eu\/index.php\/wp-json\/wp\/v2\/comments?post=338"}],"version-history":[{"count":9,"href":"https:\/\/ratoszyn.eu\/index.php\/wp-json\/wp\/v2\/posts\/338\/revisions"}],"predecessor-version":[{"id":357,"href":"https:\/\/ratoszyn.eu\/index.php\/wp-json\/wp\/v2\/posts\/338\/revisions\/357"}],"wp:featuredmedia":[{"embeddable":true,"href":"https:\/\/ratoszyn.eu\/index.php\/wp-json\/wp\/v2\/media\/339"}],"wp:attachment":[{"href":"https:\/\/ratoszyn.eu\/index.php\/wp-json\/wp\/v2\/media?parent=338"}],"wp:term":[{"taxonomy":"category","embeddable":true,"href":"https:\/\/ratoszyn.eu\/index.php\/wp-json\/wp\/v2\/categories?post=338"},{"taxonomy":"post_tag","embeddable":true,"href":"https:\/\/ratoszyn.eu\/index.php\/wp-json\/wp\/v2\/tags?post=338"}],"curies":[{"name":"wp","href":"https:\/\/api.w.org\/{rel}","templated":true}]}}