{"id":256,"date":"2024-03-25T06:53:02","date_gmt":"2024-03-25T06:53:02","guid":{"rendered":"https:\/\/ratoszyn.eu\/?p=256"},"modified":"2024-03-25T07:34:27","modified_gmt":"2024-03-25T07:34:27","slug":"warsztaty-wielkanocne","status":"publish","type":"post","link":"https:\/\/ratoszyn.eu\/index.php\/2024\/03\/25\/warsztaty-wielkanocne\/","title":{"rendered":"Warsztaty wielkanocne"},"content":{"rendered":"<p>Warsztaty wielkanocne, kt\u00f3re odby\u0142y si\u0119 dzisiaj w naszej plac\u00f3wce, by\u0142y znakomit\u0105 okazj\u0105 do tw\u00f3rczego przygotowania si\u0119 do \u015bwi\u0105t Wielkiej Nocy, a uczniowie rozwijali swoje zdolno\u015bci plastyczne, manualne i estetyczne. Prowadz\u0105ca warsztaty Pani Karolina Banach-Zyska przygotowa\u0142a zaj\u0119cia dla dw\u00f3ch grup wiekowych. Po kr\u00f3tkiej pogadance o tradycjach i zwyczajach wielkanocnych uczniowie klas I-III wykonywali stroiki \u015bwi\u0105teczne i malowali figurki gipsowe.\ud83d\udc23\ud83d\udc25\ud83e\udeba\ud83e\udd5a P\u00f3\u017aniej kreatywno\u015bci\u0105 i pomys\u0142owo\u015bci\u0105 wykazywali si\u0119 starsi uczniowie, kt\u00f3rzy stworzyli oryginalne, wielkanocne stroiki.\ud83c\udf3f\ud83e\udebb\ud83c\udf3a Wsp\u00f3lnie sp\u0119dzony czas zaowocowa\u0142 pi\u0119knymi dekoracjami \u015bwi\u0105tecznymi, kt\u00f3re b\u0119dzie mo\u017cna naby\u0107 na kiermaszu organizowanym przez Rad\u0119 Rodzic\u00f3w i Samorz\u0105d Uczniowski ju\u017c w najbli\u017csz\u0105 niedziel\u0119.\ud83e\udd70<\/p>\n","protected":false},"excerpt":{"rendered":"<p>Warsztaty wielkanocne, kt\u00f3re odby\u0142y si\u0119 dzisiaj w naszej plac\u00f3wce, by\u0142y znakomit\u0105 okazj\u0105 do tw\u00f3rczego przygotowania si\u0119 do \u015bwi\u0105t Wielkiej Nocy, a uczniowie rozwijali swoje zdolno\u015bci plastyczne, manualne i estetyczne. Prowadz\u0105ca warsztaty Pani Karolina Banach-Zyska przygotowa\u0142a zaj\u0119cia dla dw\u00f3ch grup wiekowych. Po kr\u00f3tkiej pogadance o tradycjach i zwyczajach wielkanocnych uczniowie klas I-III wykonywali stroiki \u015bwi\u0105teczne i [&hellip;]<\/p>\n","protected":false},"author":1,"featured_media":257,"comment_status":"closed","ping_status":"open","sticky":false,"template":"","format":"standard","meta":{"footnotes":""},"categories":[2],"tags":[],"class_list":["post-256","post","type-post","status-publish","format-standard","has-post-thumbnail","hentry","category-akt"],"_links":{"self":[{"href":"https:\/\/ratoszyn.eu\/index.php\/wp-json\/wp\/v2\/posts\/256","targetHints":{"allow":["GET"]}}],"collection":[{"href":"https:\/\/ratoszyn.eu\/index.php\/wp-json\/wp\/v2\/posts"}],"about":[{"href":"https:\/\/ratoszyn.eu\/index.php\/wp-json\/wp\/v2\/types\/post"}],"author":[{"embeddable":true,"href":"https:\/\/ratoszyn.eu\/index.php\/wp-json\/wp\/v2\/users\/1"}],"replies":[{"embeddable":true,"href":"https:\/\/ratoszyn.eu\/index.php\/wp-json\/wp\/v2\/comments?post=256"}],"version-history":[{"count":1,"href":"https:\/\/ratoszyn.eu\/index.php\/wp-json\/wp\/v2\/posts\/256\/revisions"}],"predecessor-version":[{"id":258,"href":"https:\/\/ratoszyn.eu\/index.php\/wp-json\/wp\/v2\/posts\/256\/revisions\/258"}],"wp:featuredmedia":[{"embeddable":true,"href":"https:\/\/ratoszyn.eu\/index.php\/wp-json\/wp\/v2\/media\/257"}],"wp:attachment":[{"href":"https:\/\/ratoszyn.eu\/index.php\/wp-json\/wp\/v2\/media?parent=256"}],"wp:term":[{"taxonomy":"category","embeddable":true,"href":"https:\/\/ratoszyn.eu\/index.php\/wp-json\/wp\/v2\/categories?post=256"},{"taxonomy":"post_tag","embeddable":true,"href":"https:\/\/ratoszyn.eu\/index.php\/wp-json\/wp\/v2\/tags?post=256"}],"curies":[{"name":"wp","href":"https:\/\/api.w.org\/{rel}","templated":true}]}}