{"id":247,"date":"2024-03-25T06:41:40","date_gmt":"2024-03-25T06:41:40","guid":{"rendered":"https:\/\/ratoszyn.eu\/?p=247"},"modified":"2024-03-25T06:47:29","modified_gmt":"2024-03-25T06:47:29","slug":"wideo-relacja-z-pierwszego-dnia-wiosny","status":"publish","type":"post","link":"https:\/\/ratoszyn.eu\/index.php\/2024\/03\/25\/wideo-relacja-z-pierwszego-dnia-wiosny\/","title":{"rendered":"Pokaz mody. Wideo-relacja z Pierwszego Dnia Wiosny"},"content":{"rendered":"<div id=\"fb-root\"><\/div>\n<p><script async defer crossorigin=\"anonymous\" src=\"https:\/\/connect.facebook.net\/pl_PL\/sdk.js#xfbml=1&#038;version=v19.0\" nonce=\"q6oACpNp\"><\/script><\/p>\n<div class=\"fb-video\" data-href=\"https:\/\/www.facebook.com\/100090341082264\/videos\/1157230518486269\/\" data-width=\"875\" data-show-text=\"false\">\n<blockquote cite=\"https:\/\/www.facebook.com\/100090341082264\/videos\/1157230518486269\/\" class=\"fb-xfbml-parse-ignore\"><p><a href=\"https:\/\/www.facebook.com\/100090341082264\/videos\/1157230518486269\/\"><\/a><\/p>\n<p>W Pierwszy Dzie\u0144 Wiosny, czyli 21 marca 2024r. odby\u0142 si\u0119  &quot;Wiosenny Pokaz Mody&quot;. Wideorelacja przygotowana przez Klub Dziennikarza sprz\u0119tem zakupionym w ramach programu Laboratoria Przysz\u0142o\u015bci.<\/p>\n<p>Opublikowany przez <a href=\"https:\/\/www.facebook.com\/people\/Szko%C5%82a-Podstawowa-w-Ratoszynie-Drugim\/100090341082264\/\">Szko\u0142a Podstawowa w Ratoszynie Drugim<\/a> Pi\u0105tek, 22 marca 2024<\/p><\/blockquote>\n<\/div>\n","protected":false},"excerpt":{"rendered":"<p>W Pierwszy Dzie\u0144 Wiosny, czyli 21 marca 2024r. odby\u0142 si\u0119 &quot;Wiosenny Pokaz Mody&quot;. Wideorelacja przygotowana przez Klub Dziennikarza sprz\u0119tem zakupionym w ramach programu Laboratoria Przysz\u0142o\u015bci. Opublikowany przez Szko\u0142a Podstawowa w Ratoszynie Drugim Pi\u0105tek, 22 marca 2024<\/p>\n","protected":false},"author":1,"featured_media":0,"comment_status":"closed","ping_status":"open","sticky":false,"template":"","format":"standard","meta":{"footnotes":""},"categories":[2],"tags":[],"class_list":["post-247","post","type-post","status-publish","format-standard","hentry","category-akt"],"_links":{"self":[{"href":"https:\/\/ratoszyn.eu\/index.php\/wp-json\/wp\/v2\/posts\/247","targetHints":{"allow":["GET"]}}],"collection":[{"href":"https:\/\/ratoszyn.eu\/index.php\/wp-json\/wp\/v2\/posts"}],"about":[{"href":"https:\/\/ratoszyn.eu\/index.php\/wp-json\/wp\/v2\/types\/post"}],"author":[{"embeddable":true,"href":"https:\/\/ratoszyn.eu\/index.php\/wp-json\/wp\/v2\/users\/1"}],"replies":[{"embeddable":true,"href":"https:\/\/ratoszyn.eu\/index.php\/wp-json\/wp\/v2\/comments?post=247"}],"version-history":[{"count":8,"href":"https:\/\/ratoszyn.eu\/index.php\/wp-json\/wp\/v2\/posts\/247\/revisions"}],"predecessor-version":[{"id":255,"href":"https:\/\/ratoszyn.eu\/index.php\/wp-json\/wp\/v2\/posts\/247\/revisions\/255"}],"wp:attachment":[{"href":"https:\/\/ratoszyn.eu\/index.php\/wp-json\/wp\/v2\/media?parent=247"}],"wp:term":[{"taxonomy":"category","embeddable":true,"href":"https:\/\/ratoszyn.eu\/index.php\/wp-json\/wp\/v2\/categories?post=247"},{"taxonomy":"post_tag","embeddable":true,"href":"https:\/\/ratoszyn.eu\/index.php\/wp-json\/wp\/v2\/tags?post=247"}],"curies":[{"name":"wp","href":"https:\/\/api.w.org\/{rel}","templated":true}]}}