{"id":1946,"date":"2026-04-27T09:21:42","date_gmt":"2026-04-27T09:21:42","guid":{"rendered":"https:\/\/ratoszyn.eu\/?p=1946"},"modified":"2026-04-27T09:21:42","modified_gmt":"2026-04-27T09:21:42","slug":"klasa-vi-na-lekcji-wrazliwosci-film-warsztaty-i-wazne-rozmowy-o-roznorodnosci","status":"publish","type":"post","link":"https:\/\/ratoszyn.eu\/index.php\/2026\/04\/27\/klasa-vi-na-lekcji-wrazliwosci-film-warsztaty-i-wazne-rozmowy-o-roznorodnosci\/","title":{"rendered":"Klasa VI na lekcji wra\u017cliwo\u015bci \u2013 film, warsztaty i wa\u017cne rozmowy o r\u00f3\u017cnorodno\u015bci"},"content":{"rendered":"<p>Klasa VI uczestniczy\u0142a w pokazie filmu &#8222;Zrozumie\u0107 autyzm\/X+Y&#8221; w ramach projektu Sztuka Wra\u017cliwo\u015bci oraz w warsztatach &#8222;Lekcja r\u00f3\u017cnorodno\u015bci&#8221;, na kt\u00f3rych to odby\u0142a si\u0119 dyskusja na temat neuror\u00f3\u017cnorodno\u015bci, tolerancji, wykluczeniu w grupach r\u00f3wie\u015bniczych. Podczas spotkania uczniowie poszerzyli \u015bwiadomo\u015b\u0107 na temat spektrum autyzmu i jego przejaw\u00f3w oraz uczyli si\u0119 wra\u017cliwo\u015bci na potrzeby os\u00f3b z wyzwaniami. Ca\u0142o\u015b\u0107 zorganizowana przez Warsztaty Kultury w Lublinie.  Na koniec wycieczki uczniowie relaksowali si\u0119 podczas zwiedzania Lublina.<\/p>\n","protected":false},"excerpt":{"rendered":"<p>Klasa VI uczestniczy\u0142a w pokazie filmu &#8222;Zrozumie\u0107 autyzm\/X+Y&#8221; w ramach projektu Sztuka Wra\u017cliwo\u015bci oraz w warsztatach &#8222;Lekcja r\u00f3\u017cnorodno\u015bci&#8221;, na kt\u00f3rych to odby\u0142a si\u0119 dyskusja na temat neuror\u00f3\u017cnorodno\u015bci, tolerancji, wykluczeniu w grupach r\u00f3wie\u015bniczych. Podczas spotkania uczniowie poszerzyli \u015bwiadomo\u015b\u0107 na temat spektrum autyzmu i jego przejaw\u00f3w oraz uczyli si\u0119 wra\u017cliwo\u015bci na potrzeby os\u00f3b z wyzwaniami. Ca\u0142o\u015b\u0107 zorganizowana [&hellip;]<\/p>\n","protected":false},"author":1,"featured_media":1947,"comment_status":"closed","ping_status":"open","sticky":false,"template":"","format":"standard","meta":{"footnotes":""},"categories":[2],"tags":[],"class_list":["post-1946","post","type-post","status-publish","format-standard","has-post-thumbnail","hentry","category-akt"],"_links":{"self":[{"href":"https:\/\/ratoszyn.eu\/index.php\/wp-json\/wp\/v2\/posts\/1946","targetHints":{"allow":["GET"]}}],"collection":[{"href":"https:\/\/ratoszyn.eu\/index.php\/wp-json\/wp\/v2\/posts"}],"about":[{"href":"https:\/\/ratoszyn.eu\/index.php\/wp-json\/wp\/v2\/types\/post"}],"author":[{"embeddable":true,"href":"https:\/\/ratoszyn.eu\/index.php\/wp-json\/wp\/v2\/users\/1"}],"replies":[{"embeddable":true,"href":"https:\/\/ratoszyn.eu\/index.php\/wp-json\/wp\/v2\/comments?post=1946"}],"version-history":[{"count":1,"href":"https:\/\/ratoszyn.eu\/index.php\/wp-json\/wp\/v2\/posts\/1946\/revisions"}],"predecessor-version":[{"id":1948,"href":"https:\/\/ratoszyn.eu\/index.php\/wp-json\/wp\/v2\/posts\/1946\/revisions\/1948"}],"wp:featuredmedia":[{"embeddable":true,"href":"https:\/\/ratoszyn.eu\/index.php\/wp-json\/wp\/v2\/media\/1947"}],"wp:attachment":[{"href":"https:\/\/ratoszyn.eu\/index.php\/wp-json\/wp\/v2\/media?parent=1946"}],"wp:term":[{"taxonomy":"category","embeddable":true,"href":"https:\/\/ratoszyn.eu\/index.php\/wp-json\/wp\/v2\/categories?post=1946"},{"taxonomy":"post_tag","embeddable":true,"href":"https:\/\/ratoszyn.eu\/index.php\/wp-json\/wp\/v2\/tags?post=1946"}],"curies":[{"name":"wp","href":"https:\/\/api.w.org\/{rel}","templated":true}]}}