{"id":1686,"date":"2025-12-08T07:40:30","date_gmt":"2025-12-08T07:40:30","guid":{"rendered":"https:\/\/ratoszyn.eu\/?p=1686"},"modified":"2025-12-08T08:20:31","modified_gmt":"2025-12-08T08:20:31","slug":"swiateczne-spotkanie-z-mikolajem-dzien-pelen-magii-i-emocji","status":"publish","type":"post","link":"https:\/\/ratoszyn.eu\/index.php\/2025\/12\/08\/swiateczne-spotkanie-z-mikolajem-dzien-pelen-magii-i-emocji\/","title":{"rendered":"\u015awi\u0105teczne spotkanie z Miko\u0142ajem \u2013 dzie\u0144 pe\u0142en magii i emocji"},"content":{"rendered":"<p>\ud83c\udf85\u2728 Wspomnienie z wizyty \u015awi\u0119tego Miko\u0142aja w naszym przedszkolu! \u2728\ud83c\udf85 W ubieg\u0142y pi\u0105tek nasze przedszkole odwiedzi\u0142 wyj\u0105tkowy go\u015b\u0107 \u2013 \u015awi\u0119ty Miko\u0142aj! \ud83c\udf81 Dzieci z wielk\u0105 rado\u015bci\u0105 powita\u0142y Miko\u0142aja, powiedzia\u0142y wierszyki, za\u015bpiewa\u0142y pi\u0119kne piosenki i oczywi\u015bcie\u2026 Otrzyma\u0142y wspania\u0142e prezenty! \ud83c\udf84\ud83d\udcab To by\u0142 dzie\u0144 pe\u0142en u\u015bmiech\u00f3w, emocji i \u015bwi\u0105tecznej magii. \u2764\ufe0f Dzi\u0119kujemy Miko\u0142aju i ju\u017c nie mo\u017cemy doczeka\u0107 si\u0119 kolejnej wizyty! \ud83c\udf85\u2728<\/p>\n","protected":false},"excerpt":{"rendered":"<p>\ud83c\udf85\u2728 Wspomnienie z wizyty \u015awi\u0119tego Miko\u0142aja w naszym przedszkolu! \u2728\ud83c\udf85 W ubieg\u0142y pi\u0105tek nasze przedszkole odwiedzi\u0142 wyj\u0105tkowy go\u015b\u0107 \u2013 \u015awi\u0119ty Miko\u0142aj! \ud83c\udf81 Dzieci z wielk\u0105 rado\u015bci\u0105 powita\u0142y Miko\u0142aja, powiedzia\u0142y wierszyki, za\u015bpiewa\u0142y pi\u0119kne piosenki i oczywi\u015bcie\u2026 Otrzyma\u0142y wspania\u0142e prezenty! \ud83c\udf84\ud83d\udcab To by\u0142 dzie\u0144 pe\u0142en u\u015bmiech\u00f3w, emocji i \u015bwi\u0105tecznej magii. \u2764\ufe0f Dzi\u0119kujemy Miko\u0142aju i ju\u017c nie mo\u017cemy [&hellip;]<\/p>\n","protected":false},"author":1,"featured_media":1687,"comment_status":"closed","ping_status":"open","sticky":false,"template":"","format":"standard","meta":{"footnotes":""},"categories":[2],"tags":[],"class_list":["post-1686","post","type-post","status-publish","format-standard","has-post-thumbnail","hentry","category-akt"],"_links":{"self":[{"href":"https:\/\/ratoszyn.eu\/index.php\/wp-json\/wp\/v2\/posts\/1686","targetHints":{"allow":["GET"]}}],"collection":[{"href":"https:\/\/ratoszyn.eu\/index.php\/wp-json\/wp\/v2\/posts"}],"about":[{"href":"https:\/\/ratoszyn.eu\/index.php\/wp-json\/wp\/v2\/types\/post"}],"author":[{"embeddable":true,"href":"https:\/\/ratoszyn.eu\/index.php\/wp-json\/wp\/v2\/users\/1"}],"replies":[{"embeddable":true,"href":"https:\/\/ratoszyn.eu\/index.php\/wp-json\/wp\/v2\/comments?post=1686"}],"version-history":[{"count":1,"href":"https:\/\/ratoszyn.eu\/index.php\/wp-json\/wp\/v2\/posts\/1686\/revisions"}],"predecessor-version":[{"id":1688,"href":"https:\/\/ratoszyn.eu\/index.php\/wp-json\/wp\/v2\/posts\/1686\/revisions\/1688"}],"wp:featuredmedia":[{"embeddable":true,"href":"https:\/\/ratoszyn.eu\/index.php\/wp-json\/wp\/v2\/media\/1687"}],"wp:attachment":[{"href":"https:\/\/ratoszyn.eu\/index.php\/wp-json\/wp\/v2\/media?parent=1686"}],"wp:term":[{"taxonomy":"category","embeddable":true,"href":"https:\/\/ratoszyn.eu\/index.php\/wp-json\/wp\/v2\/categories?post=1686"},{"taxonomy":"post_tag","embeddable":true,"href":"https:\/\/ratoszyn.eu\/index.php\/wp-json\/wp\/v2\/tags?post=1686"}],"curies":[{"name":"wp","href":"https:\/\/api.w.org\/{rel}","templated":true}]}}