{"id":16,"date":"2024-02-27T14:05:29","date_gmt":"2024-02-27T14:05:29","guid":{"rendered":"https:\/\/ratoszyn.eu\/?p=16"},"modified":"2024-02-27T20:19:56","modified_gmt":"2024-02-27T20:19:56","slug":"zawody-powiatowe-w-pilke-siatkow","status":"publish","type":"post","link":"https:\/\/ratoszyn.eu\/index.php\/2024\/02\/27\/zawody-powiatowe-w-pilke-siatkow\/","title":{"rendered":"Zawody powiatowe w pi\u0142k\u0119 siatkow\u0105"},"content":{"rendered":"<div dir=\"auto\">Ogromne brawa dla ch\u0142opc\u00f3w z klasy VIII i VII <span class=\"x3nfvp2 x1j61x8r x1fcty0u xdj266r xhhsvwb xat24cr xgzva0m xxymvpz xlup9mm x1kky2od\"><img loading=\"lazy\" decoding=\"async\" class=\"xz74otr\" src=\"https:\/\/static.xx.fbcdn.net\/images\/emoji.php\/v9\/tfe\/1\/16\/1f44f.png\" alt=\"\ud83d\udc4f\" width=\"16\" height=\"16\" \/><\/span><span class=\"x3nfvp2 x1j61x8r x1fcty0u xdj266r xhhsvwb xat24cr xgzva0m xxymvpz xlup9mm x1kky2od\"><img loading=\"lazy\" decoding=\"async\" class=\"xz74otr\" src=\"https:\/\/static.xx.fbcdn.net\/images\/emoji.php\/v9\/tfe\/1\/16\/1f44f.png\" alt=\"\ud83d\udc4f\" width=\"16\" height=\"16\" \/><\/span> Dzi\u015b w Opolu Lubelskim odby\u0142y si\u0119 zawody powiatowe w pi\u0142k\u0119 siatkow\u0105. Nasi ch\u0142opcy Mateusz, Igor, Franek, Micha\u0142, Szymon, Jakub, Adrian, Dawid, Bartosz i Mateusz zaj\u0119li drugie miejsce w powiecie. Najwi\u0119kszym sukcesem by\u0142o pokonanie Szko\u0142y nr 1 w Opolu Lubelskim \u2013 to by\u0142o naszym marzeniem od wielu lat i uda\u0142o si\u0119 tzn. nie uda\u0142o, tylko ch\u0142opcy wywalczyli to!!!.Pierwsze miejsce by\u0142o w zasi\u0119gu r\u0119ki, zabrak\u0142o tylko troszeczk\u0119. Ch\u0142opcy dali z siebie naprawd\u0119 wszystko i za to ogromnie im dzi\u0119kujemy! Dzi\u0119kujemy Pani Marioli za przygotowanie ch\u0142opc\u00f3w do turnieju <span class=\"x3nfvp2 x1j61x8r x1fcty0u xdj266r xhhsvwb xat24cr xgzva0m xxymvpz xlup9mm x1kky2od\"><img loading=\"lazy\" decoding=\"async\" class=\"xz74otr\" src=\"https:\/\/static.xx.fbcdn.net\/images\/emoji.php\/v9\/tea\/1\/16\/1f970.png\" alt=\"\ud83e\udd70\" width=\"16\" height=\"16\" \/><\/span><\/div>\n<div dir=\"auto\">Gratulujemy, jeste\u015bmy z Was dumni!<\/div>\n","protected":false},"excerpt":{"rendered":"<p>Ogromne brawa dla ch\u0142opc\u00f3w z klasy VIII i VII Dzi\u015b w Opolu Lubelskim odby\u0142y si\u0119 zawody powiatowe w pi\u0142k\u0119 siatkow\u0105. Nasi ch\u0142opcy Mateusz, Igor, Franek, Micha\u0142, Szymon, Jakub, Adrian, Dawid, Bartosz i Mateusz zaj\u0119li drugie miejsce w powiecie. Najwi\u0119kszym sukcesem by\u0142o pokonanie Szko\u0142y nr 1 w Opolu Lubelskim \u2013 to by\u0142o naszym marzeniem od wielu [&hellip;]<\/p>\n","protected":false},"author":1,"featured_media":17,"comment_status":"closed","ping_status":"open","sticky":false,"template":"","format":"standard","meta":{"footnotes":""},"categories":[2],"tags":[],"class_list":["post-16","post","type-post","status-publish","format-standard","has-post-thumbnail","hentry","category-akt"],"_links":{"self":[{"href":"https:\/\/ratoszyn.eu\/index.php\/wp-json\/wp\/v2\/posts\/16","targetHints":{"allow":["GET"]}}],"collection":[{"href":"https:\/\/ratoszyn.eu\/index.php\/wp-json\/wp\/v2\/posts"}],"about":[{"href":"https:\/\/ratoszyn.eu\/index.php\/wp-json\/wp\/v2\/types\/post"}],"author":[{"embeddable":true,"href":"https:\/\/ratoszyn.eu\/index.php\/wp-json\/wp\/v2\/users\/1"}],"replies":[{"embeddable":true,"href":"https:\/\/ratoszyn.eu\/index.php\/wp-json\/wp\/v2\/comments?post=16"}],"version-history":[{"count":2,"href":"https:\/\/ratoszyn.eu\/index.php\/wp-json\/wp\/v2\/posts\/16\/revisions"}],"predecessor-version":[{"id":22,"href":"https:\/\/ratoszyn.eu\/index.php\/wp-json\/wp\/v2\/posts\/16\/revisions\/22"}],"wp:featuredmedia":[{"embeddable":true,"href":"https:\/\/ratoszyn.eu\/index.php\/wp-json\/wp\/v2\/media\/17"}],"wp:attachment":[{"href":"https:\/\/ratoszyn.eu\/index.php\/wp-json\/wp\/v2\/media?parent=16"}],"wp:term":[{"taxonomy":"category","embeddable":true,"href":"https:\/\/ratoszyn.eu\/index.php\/wp-json\/wp\/v2\/categories?post=16"},{"taxonomy":"post_tag","embeddable":true,"href":"https:\/\/ratoszyn.eu\/index.php\/wp-json\/wp\/v2\/tags?post=16"}],"curies":[{"name":"wp","href":"https:\/\/api.w.org\/{rel}","templated":true}]}}