{"id":1596,"date":"2025-11-19T12:16:52","date_gmt":"2025-11-19T12:16:52","guid":{"rendered":"https:\/\/ratoszyn.eu\/?p=1596"},"modified":"2025-11-19T13:41:58","modified_gmt":"2025-11-19T13:41:58","slug":"spiewamy-dla-niepodleglej-udzial-uczniow-w-koncercie-2025","status":"publish","type":"post","link":"https:\/\/ratoszyn.eu\/index.php\/2025\/11\/19\/spiewamy-dla-niepodleglej-udzial-uczniow-w-koncercie-2025\/","title":{"rendered":"\u015apiewamy dla Niepodleg\u0142ej \u2013 udzia\u0142 uczni\u00f3w w koncercie 2025"},"content":{"rendered":"<p>Uczniowie naszej szko\u0142y wzi\u0119li udzia\u0142 w tegorocznym Koncercie Pie\u015bni Patriotycznej organizowanym przez Szko\u0142\u0119 w Chodlu. \ud83c\udfb6 Z dum\u0105 zaprezentowali utwory: \u201eSerce w plecaku\u201d, \u201eTu wsz\u0119dzie jest moja ojczyzna\u201d, \u201eJeste\u015bmy Polk\u0105 i Polakiem\u201d oraz \u201e11 listopada\u201d. \u2764\ufe0f\ud83e\udd0d Wyst\u0119p naszych uczni\u00f3w by\u0142 naprawd\u0119 pi\u0119kny i pe\u0142en patriotycznych emocji! \ud83d\udd4a\ufe0f Serdecznie zach\u0119camy do obejrzenia filmu z koncertu \u2013 znajdziecie go poni\u017cej \ud83c\udfa5\ud83d\udc47<br \/>\n#\u015awi\u0119toNiepodleg\u0142o\u015bci #Patriotyzm #KonkursPie\u015bniPatriotycznej #Duma #NaszaSzko\u0142a <!--moreczytaj dalej--><\/p>\n<div id=\"fb-root\"><\/div>\n<p><script async defer crossorigin=\"anonymous\" src=\"https:\/\/connect.facebook.net\/pl_PL\/sdk.js#xfbml=1&#038;version=v24.0&#038;appId=APP_ID\"><\/script><\/p>\n<div class=\"fb-video\" data-href=\"https:\/\/www.facebook.com\/reel\/25673549182236824\/\" data-width=\"870\" data-show-text=\"false\"><\/div>\n","protected":false},"excerpt":{"rendered":"<p>Uczniowie naszej szko\u0142y wzi\u0119li udzia\u0142 w tegorocznym Koncercie Pie\u015bni Patriotycznej organizowanym przez Szko\u0142\u0119 w Chodlu. \ud83c\udfb6 Z dum\u0105 zaprezentowali utwory: \u201eSerce w plecaku\u201d, \u201eTu wsz\u0119dzie jest moja ojczyzna\u201d, \u201eJeste\u015bmy Polk\u0105 i Polakiem\u201d oraz \u201e11 listopada\u201d. \u2764\ufe0f\ud83e\udd0d Wyst\u0119p naszych uczni\u00f3w by\u0142 naprawd\u0119 pi\u0119kny i pe\u0142en patriotycznych emocji! \ud83d\udd4a\ufe0f Serdecznie zach\u0119camy do obejrzenia filmu z koncertu \u2013 [&hellip;]<\/p>\n","protected":false},"author":1,"featured_media":1619,"comment_status":"closed","ping_status":"open","sticky":false,"template":"","format":"standard","meta":{"footnotes":""},"categories":[2],"tags":[],"class_list":["post-1596","post","type-post","status-publish","format-standard","has-post-thumbnail","hentry","category-akt"],"_links":{"self":[{"href":"https:\/\/ratoszyn.eu\/index.php\/wp-json\/wp\/v2\/posts\/1596","targetHints":{"allow":["GET"]}}],"collection":[{"href":"https:\/\/ratoszyn.eu\/index.php\/wp-json\/wp\/v2\/posts"}],"about":[{"href":"https:\/\/ratoszyn.eu\/index.php\/wp-json\/wp\/v2\/types\/post"}],"author":[{"embeddable":true,"href":"https:\/\/ratoszyn.eu\/index.php\/wp-json\/wp\/v2\/users\/1"}],"replies":[{"embeddable":true,"href":"https:\/\/ratoszyn.eu\/index.php\/wp-json\/wp\/v2\/comments?post=1596"}],"version-history":[{"count":5,"href":"https:\/\/ratoszyn.eu\/index.php\/wp-json\/wp\/v2\/posts\/1596\/revisions"}],"predecessor-version":[{"id":1618,"href":"https:\/\/ratoszyn.eu\/index.php\/wp-json\/wp\/v2\/posts\/1596\/revisions\/1618"}],"wp:featuredmedia":[{"embeddable":true,"href":"https:\/\/ratoszyn.eu\/index.php\/wp-json\/wp\/v2\/media\/1619"}],"wp:attachment":[{"href":"https:\/\/ratoszyn.eu\/index.php\/wp-json\/wp\/v2\/media?parent=1596"}],"wp:term":[{"taxonomy":"category","embeddable":true,"href":"https:\/\/ratoszyn.eu\/index.php\/wp-json\/wp\/v2\/categories?post=1596"},{"taxonomy":"post_tag","embeddable":true,"href":"https:\/\/ratoszyn.eu\/index.php\/wp-json\/wp\/v2\/tags?post=1596"}],"curies":[{"name":"wp","href":"https:\/\/api.w.org\/{rel}","templated":true}]}}