{"id":1573,"date":"2025-11-03T08:13:41","date_gmt":"2025-11-03T08:13:41","guid":{"rendered":"https:\/\/ratoszyn.eu\/?p=1573"},"modified":"2025-11-03T08:13:41","modified_gmt":"2025-11-03T08:13:41","slug":"poezja-emocje-i-jesienny-klimat","status":"publish","type":"post","link":"https:\/\/ratoszyn.eu\/index.php\/2025\/11\/03\/poezja-emocje-i-jesienny-klimat\/","title":{"rendered":"Poezja, emocje i jesienny klimat!"},"content":{"rendered":"<div dir=\"auto\">Nasi uczniowie wzi\u0119li udzia\u0142 w 29. Jesiennym Konkursie Recytatorskim zorganizowanym przez Gminny O\u015brodek Kultury w Chodlu. Gratulacje dla wszystkich m\u0142odych recytator\u00f3w, szczeg\u00f3lnie dla Natalii z klasy VI, kt\u00f3ra zaj\u0119\u0142a II miejsce w kategorii klas IV-VI. Uczniowie, kt\u00f3rzy wzi\u0119li udzia\u0142 w wydarzeniu to: Laura, Zuzanna i Karolina z klasy II, Antoni D\u017c. i Antoni R. z klasy III, Marcelina i Dawid z klasy IV, Adam i Nina z klasy V, Natalia i Weronika z klasy VI, Dominik i Szymon z klasy VII, Magdalena z klasy VIII. Serdecznie Wam dzi\u0119kujemy za odwag\u0119 i udzia\u0142.<span class=\"html-span xexx8yu xyri2b x18d9i69 x1c1uobl x1hl2dhg x16tdsg8 x1vvkbs x3nfvp2 x1j61x8r x1fcty0u xdj266r xat24cr xm2jcoa x1mpyi22 xxymvpz xlup9mm x1kky2od\"><img loading=\"lazy\" decoding=\"async\" height=\"16\" width=\"16\" class=\"xz74otr x15mokao x1ga7v0g x16uus16 xbiv7yw\" alt=\"\ud83e\udd70\" referrerpolicy=\"origin-when-cross-origin\" src=\"https:\/\/static.xx.fbcdn.net\/images\/emoji.php\/v9\/tea\/1\/16\/1f970.png\" \/><\/span><\/div>\n","protected":false},"excerpt":{"rendered":"<p>Nasi uczniowie wzi\u0119li udzia\u0142 w 29. Jesiennym Konkursie Recytatorskim zorganizowanym przez Gminny O\u015brodek Kultury w Chodlu. Gratulacje dla wszystkich m\u0142odych recytator\u00f3w, szczeg\u00f3lnie dla Natalii z klasy VI, kt\u00f3ra zaj\u0119\u0142a II miejsce w kategorii klas IV-VI. Uczniowie, kt\u00f3rzy wzi\u0119li udzia\u0142 w wydarzeniu to: Laura, Zuzanna i Karolina z klasy II, Antoni D\u017c. i Antoni R. z [&hellip;]<\/p>\n","protected":false},"author":1,"featured_media":1574,"comment_status":"closed","ping_status":"open","sticky":false,"template":"","format":"standard","meta":{"footnotes":""},"categories":[2],"tags":[],"class_list":["post-1573","post","type-post","status-publish","format-standard","has-post-thumbnail","hentry","category-akt"],"_links":{"self":[{"href":"https:\/\/ratoszyn.eu\/index.php\/wp-json\/wp\/v2\/posts\/1573","targetHints":{"allow":["GET"]}}],"collection":[{"href":"https:\/\/ratoszyn.eu\/index.php\/wp-json\/wp\/v2\/posts"}],"about":[{"href":"https:\/\/ratoszyn.eu\/index.php\/wp-json\/wp\/v2\/types\/post"}],"author":[{"embeddable":true,"href":"https:\/\/ratoszyn.eu\/index.php\/wp-json\/wp\/v2\/users\/1"}],"replies":[{"embeddable":true,"href":"https:\/\/ratoszyn.eu\/index.php\/wp-json\/wp\/v2\/comments?post=1573"}],"version-history":[{"count":1,"href":"https:\/\/ratoszyn.eu\/index.php\/wp-json\/wp\/v2\/posts\/1573\/revisions"}],"predecessor-version":[{"id":1575,"href":"https:\/\/ratoszyn.eu\/index.php\/wp-json\/wp\/v2\/posts\/1573\/revisions\/1575"}],"wp:featuredmedia":[{"embeddable":true,"href":"https:\/\/ratoszyn.eu\/index.php\/wp-json\/wp\/v2\/media\/1574"}],"wp:attachment":[{"href":"https:\/\/ratoszyn.eu\/index.php\/wp-json\/wp\/v2\/media?parent=1573"}],"wp:term":[{"taxonomy":"category","embeddable":true,"href":"https:\/\/ratoszyn.eu\/index.php\/wp-json\/wp\/v2\/categories?post=1573"},{"taxonomy":"post_tag","embeddable":true,"href":"https:\/\/ratoszyn.eu\/index.php\/wp-json\/wp\/v2\/tags?post=1573"}],"curies":[{"name":"wp","href":"https:\/\/api.w.org\/{rel}","templated":true}]}}