{"id":1554,"date":"2025-11-03T09:21:27","date_gmt":"2025-11-03T09:21:27","guid":{"rendered":"https:\/\/ratoszyn.eu\/?p=1554"},"modified":"2025-11-19T12:11:46","modified_gmt":"2025-11-19T12:11:46","slug":"nowi-uczniowie-w-naszej-szkolnej-rodzinie-witamy-pierwszakow","status":"publish","type":"post","link":"https:\/\/ratoszyn.eu\/index.php\/2025\/11\/03\/nowi-uczniowie-w-naszej-szkolnej-rodzinie-witamy-pierwszakow\/","title":{"rendered":"Nowi uczniowie w naszej szkolnej rodzinie! Witamy pierwszak\u00f3w"},"content":{"rendered":"<p>Dzi\u015b w Szkole Podstawowej w Ratoszynie Drugim odby\u0142a si\u0119 wyj\u0105tkowa uroczysto\u015b\u0107 \u2013 \u015blubowanie i pasowanie na ucznia klasy pierwszej! \ud83d\udc67\ud83d\udc66<br \/>\nNasi najm\u0142odsi uczniowie zaprezentowali si\u0119 wspaniale \u2013 rozwi\u0105zywali zagadki, \u015bpiewali piosenki i recytowali wierszyki, pokazuj\u0105c, \u017ce s\u0105 gotowi rozpocz\u0105\u0107 swoj\u0105 szkoln\u0105 przygod\u0119. \ud83c\udfeb\u2728<br \/>\nNajwa\u017cniejszym momentem dnia by\u0142o oczywi\u015bcie uroczyste pasowanie na ucznia, kt\u00f3rego dokona\u0142a Pani Dyrektor. Ka\u017cdy pierwszak otrzyma\u0142 tak\u017ce pami\u0105tkow\u0105 ksi\u0105\u017ck\u0119. \ud83d\udcda <a href=\"https:\/\/www.facebook.com\/reel\/1505976977374664\">Zobacz film<\/a><!--moreczytaj dalej--><\/p>\n<p>Nie zabrak\u0142o r\u00f3wnie\u017c niespodzianek \u2013 Pani W\u00f3jt Karolina Rzedzicka wr\u0119czy\u0142a naszym pierwszoklasistom pi\u0119kne upominki. \ud83c\udf81<br \/>\nSerdeczne podzi\u0119kowania kierujemy do wychowawczyni klasy pierwszej \u2013 Pani Doroty Majewskiej za wspania\u0142e przygotowanie uczni\u00f3w do tej wa\u017cnej uroczysto\u015bci oraz za ogromne zaanga\u017cowanie i ciep\u0142o, kt\u00f3re towarzyszy\u0142o ca\u0142emu wydarzeniu. \ud83d\udc90<br \/>\nDzi\u0119kujemy r\u00f3wnie\u017c Rodzicom pierwszoklasist\u00f3w za przygotowanie pysznego pocz\u0119stunku i pomoc w organizacji tego wyj\u0105tkowego dnia. \ud83c\udf70\u2615<br \/>\nMi\u0142ym akcentem uroczysto\u015bci by\u0142o r\u00f3wnie\u017c to, \u017ce delegacja rodzic\u00f3w wr\u0119czy\u0142a kwiaty Dyrekcji szko\u0142y, dzi\u0119kuj\u0105c za trosk\u0119 i wsparcie okazane najm\u0142odszym uczniom. \ud83c\udf3a<br \/>\nTo by\u0142 dzie\u0144 pe\u0142en emocji, u\u015bmiech\u00f3w i wzrusze\u0144! \u2764\ufe0f<br \/>\nSerdecznie gratulujemy wszystkim nowym uczniom \u2013 witamy Was w gronie spo\u0142eczno\u015bci szkolnej! \ud83d\udc4f<br \/>\n#\u015alubowaniePierwszejKlasy #RatoszynDrugi #NowyRozdzia\u0142 #Szko\u0142aZPasj\u0105 #Wsp\u00f3lnotaSzkolna<\/p>\n","protected":false},"excerpt":{"rendered":"<p>Dzi\u015b w Szkole Podstawowej w Ratoszynie Drugim odby\u0142a si\u0119 wyj\u0105tkowa uroczysto\u015b\u0107 \u2013 \u015blubowanie i pasowanie na ucznia klasy pierwszej! \ud83d\udc67\ud83d\udc66 Nasi najm\u0142odsi uczniowie zaprezentowali si\u0119 wspaniale \u2013 rozwi\u0105zywali zagadki, \u015bpiewali piosenki i recytowali wierszyki, pokazuj\u0105c, \u017ce s\u0105 gotowi rozpocz\u0105\u0107 swoj\u0105 szkoln\u0105 przygod\u0119. \ud83c\udfeb\u2728 Najwa\u017cniejszym momentem dnia by\u0142o oczywi\u015bcie uroczyste pasowanie na ucznia, kt\u00f3rego dokona\u0142a Pani [&hellip;]<\/p>\n","protected":false},"author":1,"featured_media":1555,"comment_status":"closed","ping_status":"open","sticky":false,"template":"","format":"standard","meta":{"footnotes":""},"categories":[2],"tags":[],"class_list":["post-1554","post","type-post","status-publish","format-standard","has-post-thumbnail","hentry","category-akt"],"_links":{"self":[{"href":"https:\/\/ratoszyn.eu\/index.php\/wp-json\/wp\/v2\/posts\/1554","targetHints":{"allow":["GET"]}}],"collection":[{"href":"https:\/\/ratoszyn.eu\/index.php\/wp-json\/wp\/v2\/posts"}],"about":[{"href":"https:\/\/ratoszyn.eu\/index.php\/wp-json\/wp\/v2\/types\/post"}],"author":[{"embeddable":true,"href":"https:\/\/ratoszyn.eu\/index.php\/wp-json\/wp\/v2\/users\/1"}],"replies":[{"embeddable":true,"href":"https:\/\/ratoszyn.eu\/index.php\/wp-json\/wp\/v2\/comments?post=1554"}],"version-history":[{"count":5,"href":"https:\/\/ratoszyn.eu\/index.php\/wp-json\/wp\/v2\/posts\/1554\/revisions"}],"predecessor-version":[{"id":1560,"href":"https:\/\/ratoszyn.eu\/index.php\/wp-json\/wp\/v2\/posts\/1554\/revisions\/1560"}],"wp:featuredmedia":[{"embeddable":true,"href":"https:\/\/ratoszyn.eu\/index.php\/wp-json\/wp\/v2\/media\/1555"}],"wp:attachment":[{"href":"https:\/\/ratoszyn.eu\/index.php\/wp-json\/wp\/v2\/media?parent=1554"}],"wp:term":[{"taxonomy":"category","embeddable":true,"href":"https:\/\/ratoszyn.eu\/index.php\/wp-json\/wp\/v2\/categories?post=1554"},{"taxonomy":"post_tag","embeddable":true,"href":"https:\/\/ratoszyn.eu\/index.php\/wp-json\/wp\/v2\/tags?post=1554"}],"curies":[{"name":"wp","href":"https:\/\/api.w.org\/{rel}","templated":true}]}}