{"id":1538,"date":"2025-10-22T15:05:36","date_gmt":"2025-10-22T15:05:36","guid":{"rendered":"https:\/\/ratoszyn.eu\/?p=1538"},"modified":"2025-10-22T15:15:24","modified_gmt":"2025-10-22T15:15:24","slug":"swieto-ziemniaka-juz-w-czwartek","status":"publish","type":"post","link":"https:\/\/ratoszyn.eu\/index.php\/2025\/10\/22\/swieto-ziemniaka-juz-w-czwartek\/","title":{"rendered":"\u015awi\u0119to Ziemniaka ju\u017c w czwartek! \ud83e\udd54\ud83d\udd25"},"content":{"rendered":"<p><img loading=\"lazy\" decoding=\"async\" src=\"https:\/\/ratoszyn.eu\/wp-content\/uploads\/2025\/10\/571185053_766071296414233_2952125354812711503_n.jpg\" id=\"cien\" width=\"320\" height=\"453\" class=\"alignleft wp-image-1539\" srcset=\"https:\/\/ratoszyn.eu\/wp-content\/uploads\/2025\/10\/571185053_766071296414233_2952125354812711503_n.jpg 509w, https:\/\/ratoszyn.eu\/wp-content\/uploads\/2025\/10\/571185053_766071296414233_2952125354812711503_n-170x240.jpg 170w\" sizes=\"auto, (max-width: 320px) 100vw, 320px\" \/>Ju\u017c 23 pa\u017adziernika 2025 r. (czwartek) zapraszamy wszystkich uczni\u00f3w na wyj\u0105tkowe obchody <strong>Dnia Ziemniaka<\/strong>!\u00a0To b\u0119dzie dzie\u0144 pe\u0142en rado\u015bci, zabawy i pysznych aromat\u00f3w z ogniska! Od rana zaj\u0119cia odbywa\u0107 si\u0119 b\u0119d\u0105 wed\u0142ug planu, ale ju\u017c od 9:40 szkolne boisko zamieni si\u0119 w miejsce wsp\u00f3lnej zabawy przy ognisku. Nie zabraknie \u015bmiechu i ziemniaczanych niespodzianek! \ud83c\udf7d\ufe0f<br \/>\nPo po\u0142udniu wracamy do zaj\u0119\u0107 od 12:25 do 15:00 zaj\u0119cia w szkole i w przedszkolu odbywaj\u0105 si\u0119 wed\u0142ug sta\u0142ego planu ale z pewno\u015bci\u0105 w znakomitych humorach.<br \/>\nPami\u0119tajcie, by zabra\u0107 ze sob\u0105 napoje i koc piknikowy \u2013 przydadz\u0105 si\u0119 podczas odpoczynku przy ognisku.<\/p>\n<p>Przyjd\u017acie koniecznie \u2013 razem \u015bwi\u0119tujmy Dzie\u0144 Ziemniaka! \ud83c\udf3f\ud83e\udd54\ud83d\udd25<\/p>\n","protected":false},"excerpt":{"rendered":"<p>Ju\u017c 23 pa\u017adziernika 2025 r. (czwartek) zapraszamy wszystkich uczni\u00f3w na wyj\u0105tkowe obchody Dnia Ziemniaka!\u00a0To b\u0119dzie dzie\u0144 pe\u0142en rado\u015bci, zabawy i pysznych aromat\u00f3w z ogniska! Od rana zaj\u0119cia odbywa\u0107 si\u0119 b\u0119d\u0105 wed\u0142ug planu, ale ju\u017c od 9:40 szkolne boisko zamieni si\u0119 w miejsce wsp\u00f3lnej zabawy przy ognisku. Nie zabraknie \u015bmiechu i ziemniaczanych niespodzianek! \ud83c\udf7d\ufe0f Po po\u0142udniu [&hellip;]<\/p>\n","protected":false},"author":1,"featured_media":0,"comment_status":"closed","ping_status":"open","sticky":false,"template":"","format":"standard","meta":{"footnotes":""},"categories":[2],"tags":[],"class_list":["post-1538","post","type-post","status-publish","format-standard","hentry","category-akt"],"_links":{"self":[{"href":"https:\/\/ratoszyn.eu\/index.php\/wp-json\/wp\/v2\/posts\/1538","targetHints":{"allow":["GET"]}}],"collection":[{"href":"https:\/\/ratoszyn.eu\/index.php\/wp-json\/wp\/v2\/posts"}],"about":[{"href":"https:\/\/ratoszyn.eu\/index.php\/wp-json\/wp\/v2\/types\/post"}],"author":[{"embeddable":true,"href":"https:\/\/ratoszyn.eu\/index.php\/wp-json\/wp\/v2\/users\/1"}],"replies":[{"embeddable":true,"href":"https:\/\/ratoszyn.eu\/index.php\/wp-json\/wp\/v2\/comments?post=1538"}],"version-history":[{"count":8,"href":"https:\/\/ratoszyn.eu\/index.php\/wp-json\/wp\/v2\/posts\/1538\/revisions"}],"predecessor-version":[{"id":1547,"href":"https:\/\/ratoszyn.eu\/index.php\/wp-json\/wp\/v2\/posts\/1538\/revisions\/1547"}],"wp:attachment":[{"href":"https:\/\/ratoszyn.eu\/index.php\/wp-json\/wp\/v2\/media?parent=1538"}],"wp:term":[{"taxonomy":"category","embeddable":true,"href":"https:\/\/ratoszyn.eu\/index.php\/wp-json\/wp\/v2\/categories?post=1538"},{"taxonomy":"post_tag","embeddable":true,"href":"https:\/\/ratoszyn.eu\/index.php\/wp-json\/wp\/v2\/tags?post=1538"}],"curies":[{"name":"wp","href":"https:\/\/api.w.org\/{rel}","templated":true}]}}