{"id":1497,"date":"2025-09-29T17:56:44","date_gmt":"2025-09-29T17:56:44","guid":{"rendered":"https:\/\/ratoszyn.eu\/?p=1497"},"modified":"2025-09-29T17:56:44","modified_gmt":"2025-09-29T17:56:44","slug":"projekt-czuciaki-z-krainy-emocji","status":"publish","type":"post","link":"https:\/\/ratoszyn.eu\/index.php\/2025\/09\/29\/projekt-czuciaki-z-krainy-emocji\/","title":{"rendered":"Projekt &#8221; Czuciaki z Krainy Emocji&#8221;"},"content":{"rendered":"<p><img loading=\"lazy\" decoding=\"async\" src=\"https:\/\/ratoszyn.eu\/wp-content\/uploads\/2025\/09\/Czuciaki-z-Krainy-Emocji.png\" alt=\"\" width=\"320\" height=\"427\" class=\"alignleft wp-image-1498\" srcset=\"https:\/\/ratoszyn.eu\/wp-content\/uploads\/2025\/09\/Czuciaki-z-Krainy-Emocji.png 768w, https:\/\/ratoszyn.eu\/wp-content\/uploads\/2025\/09\/Czuciaki-z-Krainy-Emocji-180x240.png 180w\" sizes=\"auto, (max-width: 320px) 100vw, 320px\" \/>Maluchy zacz\u0119\u0142y projekt &#8221; Czuciaki z Krainy Emocji&#8221; ze \u015amieszk\u0105\ud83d\ude0a, kt\u00f3ra mieszka na Wyspie Rado\u015bci. Przedszkolaki ch\u0119tnie opowiada\u0142y co sprawia im rado\u015b\u0107 i co wtedy czuj\u0105. Obejrzeli bajk\u0119 o naszej bohaterce, kt\u00f3r\u0105 nast\u0119pnie pokolorowali w swoich projektowych zeszytach. Zaj\u0119cia zako\u0144czyli\u015bmy zabaw\u0105, dzi\u0119ki kt\u00f3rej powsta\u0142y &#8222;korale&#8221;\ud83d\ude09 . Z niecierpliwo\u015bci\u0105 czekamy na kolejnego Czuciaka.<\/p>\n","protected":false},"excerpt":{"rendered":"<p>Maluchy zacz\u0119\u0142y projekt &#8221; Czuciaki z Krainy Emocji&#8221; ze \u015amieszk\u0105\ud83d\ude0a, kt\u00f3ra mieszka na Wyspie Rado\u015bci. Przedszkolaki ch\u0119tnie opowiada\u0142y co sprawia im rado\u015b\u0107 i co wtedy czuj\u0105. Obejrzeli bajk\u0119 o naszej bohaterce, kt\u00f3r\u0105 nast\u0119pnie pokolorowali w swoich projektowych zeszytach. Zaj\u0119cia zako\u0144czyli\u015bmy zabaw\u0105, dzi\u0119ki kt\u00f3rej powsta\u0142y &#8222;korale&#8221;\ud83d\ude09 . Z niecierpliwo\u015bci\u0105 czekamy na kolejnego Czuciaka.<\/p>\n","protected":false},"author":1,"featured_media":0,"comment_status":"closed","ping_status":"open","sticky":false,"template":"","format":"standard","meta":{"footnotes":""},"categories":[2],"tags":[],"class_list":["post-1497","post","type-post","status-publish","format-standard","hentry","category-akt"],"_links":{"self":[{"href":"https:\/\/ratoszyn.eu\/index.php\/wp-json\/wp\/v2\/posts\/1497","targetHints":{"allow":["GET"]}}],"collection":[{"href":"https:\/\/ratoszyn.eu\/index.php\/wp-json\/wp\/v2\/posts"}],"about":[{"href":"https:\/\/ratoszyn.eu\/index.php\/wp-json\/wp\/v2\/types\/post"}],"author":[{"embeddable":true,"href":"https:\/\/ratoszyn.eu\/index.php\/wp-json\/wp\/v2\/users\/1"}],"replies":[{"embeddable":true,"href":"https:\/\/ratoszyn.eu\/index.php\/wp-json\/wp\/v2\/comments?post=1497"}],"version-history":[{"count":1,"href":"https:\/\/ratoszyn.eu\/index.php\/wp-json\/wp\/v2\/posts\/1497\/revisions"}],"predecessor-version":[{"id":1499,"href":"https:\/\/ratoszyn.eu\/index.php\/wp-json\/wp\/v2\/posts\/1497\/revisions\/1499"}],"wp:attachment":[{"href":"https:\/\/ratoszyn.eu\/index.php\/wp-json\/wp\/v2\/media?parent=1497"}],"wp:term":[{"taxonomy":"category","embeddable":true,"href":"https:\/\/ratoszyn.eu\/index.php\/wp-json\/wp\/v2\/categories?post=1497"},{"taxonomy":"post_tag","embeddable":true,"href":"https:\/\/ratoszyn.eu\/index.php\/wp-json\/wp\/v2\/tags?post=1497"}],"curies":[{"name":"wp","href":"https:\/\/api.w.org\/{rel}","templated":true}]}}