{"id":1427,"date":"2025-09-14T18:12:40","date_gmt":"2025-09-14T18:12:40","guid":{"rendered":"https:\/\/ratoszyn.eu\/?p=1427"},"modified":"2025-09-14T18:15:09","modified_gmt":"2025-09-14T18:15:09","slug":"dozynkowa-duma-i-tradycja-szkola-w-ratoszynie-drugim-razem-z-lokalna-spolecznoscia","status":"publish","type":"post","link":"https:\/\/ratoszyn.eu\/index.php\/2025\/09\/14\/dozynkowa-duma-i-tradycja-szkola-w-ratoszynie-drugim-razem-z-lokalna-spolecznoscia\/","title":{"rendered":"Do\u017cynkowa duma i tradycja \u2013 szko\u0142a w Ratoszynie Drugim razem z lokaln\u0105 spo\u0142eczno\u015bci\u0105"},"content":{"rendered":"<div dir=\"auto\">Uczniowie Szko\u0142y Podstawowej w Ratoszynie Drugim uczestniczyli w Do\u017cynkach 2025. Magdalena, Karolina i Jakub z klasy VIII z dum\u0105 reprezentowali swoj\u0105 szko\u0142\u0119, w\u0142\u0105czaj\u0105c <span class=\"html-span xdj266r x14z9mp xat24cr x1lziwak xexx8yu xyri2b x18d9i69 x1c1uobl x1hl2dhg x16tdsg8 x1vvkbs\"><a class=\"html-a xdj266r x14z9mp xat24cr x1lziwak xexx8yu xyri2b x18d9i69 x1c1uobl x1hl2dhg x16tdsg8 x1vvkbs\" tabindex=\"-1\"><\/a><\/span>si\u0119 w lokalne obchody \u015bwi\u0119ta plon\u00f3w i podkre\u015blaj\u0105c znaczenie rolnictwa dla spo\u0142eczno\u015bci. To wa\u017cne wydarzenie umocni\u0142o wi\u0119zi mi\u0119dzy uczniami a mieszka\u0144cami oraz pozwoli\u0142o m\u0142odemu pokoleniu pozna\u0107 i piel\u0119gnowa\u0107 regionalne tradycje.<\/div>\n<div dir=\"auto\">Dzi\u0119kujemy r\u00f3wnie\u017c opiekunom, Paniom: Karolinie, Annie i Marioli <span class=\"html-span xexx8yu xyri2b x18d9i69 x1c1uobl x1hl2dhg x16tdsg8 x1vvkbs x3nfvp2 x1j61x8r x1fcty0u xdj266r xat24cr xm2jcoa x1mpyi22 xxymvpz xlup9mm x1kky2od\"><img loading=\"lazy\" decoding=\"async\" height=\"16\" width=\"16\" class=\"xz74otr x15mokao x1ga7v0g x16uus16 xbiv7yw\" alt=\"\ud83d\ude0a\" referrerpolicy=\"origin-when-cross-origin\" src=\"https:\/\/static.xx.fbcdn.net\/images\/emoji.php\/v9\/t7f\/1\/16\/1f60a.png\" \/><\/span><\/div>\n","protected":false},"excerpt":{"rendered":"<p>Uczniowie Szko\u0142y Podstawowej w Ratoszynie Drugim uczestniczyli w Do\u017cynkach 2025. Magdalena, Karolina i Jakub z klasy VIII z dum\u0105 reprezentowali swoj\u0105 szko\u0142\u0119, w\u0142\u0105czaj\u0105c si\u0119 w lokalne obchody \u015bwi\u0119ta plon\u00f3w i podkre\u015blaj\u0105c znaczenie rolnictwa dla spo\u0142eczno\u015bci. To wa\u017cne wydarzenie umocni\u0142o wi\u0119zi mi\u0119dzy uczniami a mieszka\u0144cami oraz pozwoli\u0142o m\u0142odemu pokoleniu pozna\u0107 i piel\u0119gnowa\u0107 regionalne tradycje. Dzi\u0119kujemy r\u00f3wnie\u017c [&hellip;]<\/p>\n","protected":false},"author":1,"featured_media":1429,"comment_status":"closed","ping_status":"open","sticky":false,"template":"","format":"standard","meta":{"footnotes":""},"categories":[2],"tags":[],"class_list":["post-1427","post","type-post","status-publish","format-standard","has-post-thumbnail","hentry","category-akt"],"_links":{"self":[{"href":"https:\/\/ratoszyn.eu\/index.php\/wp-json\/wp\/v2\/posts\/1427","targetHints":{"allow":["GET"]}}],"collection":[{"href":"https:\/\/ratoszyn.eu\/index.php\/wp-json\/wp\/v2\/posts"}],"about":[{"href":"https:\/\/ratoszyn.eu\/index.php\/wp-json\/wp\/v2\/types\/post"}],"author":[{"embeddable":true,"href":"https:\/\/ratoszyn.eu\/index.php\/wp-json\/wp\/v2\/users\/1"}],"replies":[{"embeddable":true,"href":"https:\/\/ratoszyn.eu\/index.php\/wp-json\/wp\/v2\/comments?post=1427"}],"version-history":[{"count":1,"href":"https:\/\/ratoszyn.eu\/index.php\/wp-json\/wp\/v2\/posts\/1427\/revisions"}],"predecessor-version":[{"id":1428,"href":"https:\/\/ratoszyn.eu\/index.php\/wp-json\/wp\/v2\/posts\/1427\/revisions\/1428"}],"wp:featuredmedia":[{"embeddable":true,"href":"https:\/\/ratoszyn.eu\/index.php\/wp-json\/wp\/v2\/media\/1429"}],"wp:attachment":[{"href":"https:\/\/ratoszyn.eu\/index.php\/wp-json\/wp\/v2\/media?parent=1427"}],"wp:term":[{"taxonomy":"category","embeddable":true,"href":"https:\/\/ratoszyn.eu\/index.php\/wp-json\/wp\/v2\/categories?post=1427"},{"taxonomy":"post_tag","embeddable":true,"href":"https:\/\/ratoszyn.eu\/index.php\/wp-json\/wp\/v2\/tags?post=1427"}],"curies":[{"name":"wp","href":"https:\/\/api.w.org\/{rel}","templated":true}]}}