{"id":1383,"date":"2025-09-01T08:23:32","date_gmt":"2025-09-01T08:23:32","guid":{"rendered":"https:\/\/ratoszyn.eu\/?p=1383"},"modified":"2025-09-28T19:50:20","modified_gmt":"2025-09-28T19:50:20","slug":"edukacja-zdrowotna-informacje-dla-rodzicow-uczniow-klas-iv-viii","status":"publish","type":"post","link":"https:\/\/ratoszyn.eu\/index.php\/2025\/09\/01\/edukacja-zdrowotna-informacje-dla-rodzicow-uczniow-klas-iv-viii\/","title":{"rendered":"Edukacja zdrowotna &#8211; Informacje dla rodzic\u00f3w uczni\u00f3w klas IV &#8211; VIII"},"content":{"rendered":"<p><span>Szanowni Rodzice!<\/span><\/p>\n<p><span>\u00a0\u00a0\u00a0\u00a0\u00a0\u00a0\u00a0\u00a0\u00a0\u00a0\u00a0 Od 1 wrze\u015bnia 2025 roku w szko\u0142ach pojawi si\u0119 nowy przedmiot, edukacja zdrowotna, kt\u00f3ry zast\u0119puje oraz rozszerza dotychczasowe wychowanie do \u017cycia w rodzinie.<\/span><\/p>\n<ul>\n<li>Zaj\u0119cia b\u0119d\u0105 realizowane w wymiarze 1 godziny tygodniowo w klasach 4 &#8211; 7 przez ca\u0142y rok szkolny, w klasach 8 tylko do ko\u0144ca stycznia.<\/li>\n<li>Przedmiot nie podlega ocenie i nie ma wp\u0142ywu na promocj\u0119 do kolejnej klasy.<\/li>\n<li>Zaj\u0119cia nie wymagaj\u0105 podr\u0119cznika.<\/li>\n<li>Edukacja zdrowotna to przedmiot nieobowi\u0105zkowy. Udzia\u0142 dziecka w zaj\u0119ciach edukacji zdrowotnej jest dobrowolny \u2014 mo\u017cna zrezygnowa\u0107, sk\u0142adaj\u0105c w szkole pisemne o\u015bwiadczenie do 25 wrze\u015bnia ka\u017cdego roku szkolnego.<\/li>\n<li>Realizacja tre\u015bci programowych zaj\u0119\u0107 stanowi sp\u00f3jn\u0105 ca\u0142o\u015b\u0107 z zadaniami wychowawczo-profilaktycznymi szko\u0142y.<img loading=\"lazy\" decoding=\"async\" src=\"https:\/\/ratoszyn.eu\/wp-content\/uploads\/2025\/09\/Ulotka-wersja-1-.png\" alt=\"\" width=\"870\" height=\"617\" class=\"aligncenter wp-image-1385\" srcset=\"https:\/\/ratoszyn.eu\/wp-content\/uploads\/2025\/09\/Ulotka-wersja-1-.png 1748w, https:\/\/ratoszyn.eu\/wp-content\/uploads\/2025\/09\/Ulotka-wersja-1--320x227.png 320w, https:\/\/ratoszyn.eu\/wp-content\/uploads\/2025\/09\/Ulotka-wersja-1--1024x726.png 1024w, https:\/\/ratoszyn.eu\/wp-content\/uploads\/2025\/09\/Ulotka-wersja-1--768x545.png 768w, https:\/\/ratoszyn.eu\/wp-content\/uploads\/2025\/09\/Ulotka-wersja-1--1536x1090.png 1536w\" sizes=\"auto, (max-width: 870px) 100vw, 870px\" \/><\/li>\n<\/ul>\n<p>Poni\u017cej znajd\u0105 Pa\u0144stwo za\u0142\u0105czniki i linki do najwa\u017cniejszych informacji dotycz\u0105cych przedmiotu Edukacja Zdrowotna:<br \/>\nLink do Podstawy Programowej dla Edukacji Zdrowotnej &#8211; <a href=\"https:\/\/dziennikustaw.gov.pl\/\">https:\/\/dziennikustaw.gov.pl\/<\/a><\/p>\n<p><a href=\"https:\/\/ratoszyn.eu\/wp-content\/uploads\/2025\/09\/Informator_Edukacja_zdrowotna_.pdf\">Informator_Edukacja_zdrowotna_<\/a><\/p>\n<p><a href=\"https:\/\/ratoszyn.eu\/wp-content\/uploads\/2025\/09\/Moje-zdrowie-program-nauczania-edukacji-zdrowotnek-kl.-4-6.wyd_.1.K.Przybysz.pdf\">Moje zdrowie-program nauczania edukacji zdrowotnej kl. 4-6.wyd.1.K.Przybysz<\/a><\/p>\n<p><a href=\"https:\/\/ratoszyn.eu\/wp-content\/uploads\/2025\/09\/Nasze-zdrowie-program-nauczania-edukacji-zdrowotnej-7-8-SP.wyd_.1.K.Przybysz.pdf\">Nasze zdrowie- program nauczania edukacji zdrowotnej 7-8 SP.wyd.1.K.Przybysz<\/a><\/p>\n","protected":false},"excerpt":{"rendered":"<p>Szanowni Rodzice! \u00a0\u00a0\u00a0\u00a0\u00a0\u00a0\u00a0\u00a0\u00a0\u00a0\u00a0 Od 1 wrze\u015bnia 2025 roku w szko\u0142ach pojawi si\u0119 nowy przedmiot, edukacja zdrowotna, kt\u00f3ry zast\u0119puje oraz rozszerza dotychczasowe wychowanie do \u017cycia w rodzinie. Zaj\u0119cia b\u0119d\u0105 realizowane w wymiarze 1 godziny tygodniowo w klasach 4 &#8211; 7 przez ca\u0142y rok szkolny, w klasach 8 tylko do ko\u0144ca stycznia. Przedmiot nie podlega ocenie i [&hellip;]<\/p>\n","protected":false},"author":1,"featured_media":1412,"comment_status":"closed","ping_status":"open","sticky":false,"template":"","format":"standard","meta":{"footnotes":""},"categories":[2],"tags":[],"class_list":["post-1383","post","type-post","status-publish","format-standard","has-post-thumbnail","hentry","category-akt"],"_links":{"self":[{"href":"https:\/\/ratoszyn.eu\/index.php\/wp-json\/wp\/v2\/posts\/1383","targetHints":{"allow":["GET"]}}],"collection":[{"href":"https:\/\/ratoszyn.eu\/index.php\/wp-json\/wp\/v2\/posts"}],"about":[{"href":"https:\/\/ratoszyn.eu\/index.php\/wp-json\/wp\/v2\/types\/post"}],"author":[{"embeddable":true,"href":"https:\/\/ratoszyn.eu\/index.php\/wp-json\/wp\/v2\/users\/1"}],"replies":[{"embeddable":true,"href":"https:\/\/ratoszyn.eu\/index.php\/wp-json\/wp\/v2\/comments?post=1383"}],"version-history":[{"count":9,"href":"https:\/\/ratoszyn.eu\/index.php\/wp-json\/wp\/v2\/posts\/1383\/revisions"}],"predecessor-version":[{"id":1396,"href":"https:\/\/ratoszyn.eu\/index.php\/wp-json\/wp\/v2\/posts\/1383\/revisions\/1396"}],"wp:featuredmedia":[{"embeddable":true,"href":"https:\/\/ratoszyn.eu\/index.php\/wp-json\/wp\/v2\/media\/1412"}],"wp:attachment":[{"href":"https:\/\/ratoszyn.eu\/index.php\/wp-json\/wp\/v2\/media?parent=1383"}],"wp:term":[{"taxonomy":"category","embeddable":true,"href":"https:\/\/ratoszyn.eu\/index.php\/wp-json\/wp\/v2\/categories?post=1383"},{"taxonomy":"post_tag","embeddable":true,"href":"https:\/\/ratoszyn.eu\/index.php\/wp-json\/wp\/v2\/tags?post=1383"}],"curies":[{"name":"wp","href":"https:\/\/api.w.org\/{rel}","templated":true}]}}