{"id":1339,"date":"2025-06-26T11:41:11","date_gmt":"2025-06-26T11:41:11","guid":{"rendered":"https:\/\/ratoszyn.eu\/?p=1339"},"modified":"2025-06-26T11:46:05","modified_gmt":"2025-06-26T11:46:05","slug":"edukacja-z-wojskiem-nasi-uczniowie-po-raz-drugi-wzieli-udzial-w-kolejnej-edycji","status":"publish","type":"post","link":"https:\/\/ratoszyn.eu\/index.php\/2025\/06\/26\/edukacja-z-wojskiem-nasi-uczniowie-po-raz-drugi-wzieli-udzial-w-kolejnej-edycji\/","title":{"rendered":"Edukacja z Wojskiem \u2013 nasi uczniowie po raz drugi wzi\u0119li udzia\u0142 w kolejnej edycji"},"content":{"rendered":"<p data-start=\"127\" data-end=\"475\">Z rado\u015bci\u0105 informujemy, \u017ce nasi uczniowie po raz drugi uczestniczyli w wyj\u0105tkowym wydarzeniu \u2013 \u201eEdukacja z Wojskiem\u201d, kt\u00f3re odby\u0142o si\u0119 w Szkole Podstawowej w Ratoszynie. To niezwyk\u0142a inicjatywa, kt\u00f3ra ma na celu nie tylko rozw\u00f3j fizyczny i umiej\u0119tno\u015bci wojskowych, ale tak\u017ce promowanie warto\u015bci takich jak wsp\u00f3\u0142praca, odpowiedzialno\u015b\u0107 i patriotyzm.<!--more--><\/p>\n<p data-start=\"477\" data-end=\"938\">W tegorocznej edycji uczniowie mieli okazj\u0119 wzi\u0105\u0107 udzia\u0142 w r\u00f3\u017cnorodnych warsztatach i zaj\u0119ciach, kt\u00f3re przygotowa\u0142y ich do pe\u0142nienia odpowiedzialnej roli w spo\u0142ecze\u0144stwie. Na program sk\u0142ada\u0142y si\u0119 \u0107wiczenia sprawno\u015bciowe, symulacje wojskowe oraz zapoznanie si\u0119 z podstawami pierwszej pomocy. Dzieci mia\u0142y r\u00f3wnie\u017c mo\u017cliwo\u015b\u0107 obejrzenia sprz\u0119tu wojskowego, a tak\u017ce spotkania z \u017co\u0142nierzami, kt\u00f3rzy podzielili si\u0119 swoimi do\u015bwiadczeniami i opowiedzieli o swojej pracy.<\/p>\n<p data-start=\"940\" data-end=\"1173\">Wydarzenie by\u0142o \u015bwietn\u0105 okazj\u0105 do zrozumienia, jak wa\u017cne s\u0105 dyscyplina, szacunek i wsp\u00f3\u0142dzia\u0142anie w grupie. Nasi uczniowie wykazali si\u0119 du\u017cym zaanga\u017cowaniem, a po zako\u0144czeniu zaj\u0119\u0107 wszyscy uczestnicy otrzymali pami\u0105tkowe certyfikaty.<\/p>\n<p data-start=\"1175\" data-end=\"1443\">Cieszymy si\u0119, \u017ce mo\u017cemy wzi\u0105\u0107 udzia\u0142 w tak warto\u015bciowej inicjatywie, kt\u00f3ra nie tylko wzbogaca edukacj\u0119, ale tak\u017ce rozwija w m\u0142odych ludziach poczucie dumy i odpowiedzialno\u015bci za kraj. Mamy nadziej\u0119, \u017ce kolejne edycje przynios\u0105 jeszcze wi\u0119cej inspiruj\u0105cych do\u015bwiadcze\u0144!<\/p>\n","protected":false},"excerpt":{"rendered":"<p>Z rado\u015bci\u0105 informujemy, \u017ce nasi uczniowie po raz drugi uczestniczyli w wyj\u0105tkowym wydarzeniu \u2013 \u201eEdukacja z Wojskiem\u201d, kt\u00f3re odby\u0142o si\u0119 w Szkole Podstawowej w Ratoszynie. To niezwyk\u0142a inicjatywa, kt\u00f3ra ma na celu nie tylko rozw\u00f3j fizyczny i umiej\u0119tno\u015bci wojskowych, ale tak\u017ce promowanie warto\u015bci takich jak wsp\u00f3\u0142praca, odpowiedzialno\u015b\u0107 i patriotyzm.<\/p>\n","protected":false},"author":1,"featured_media":1340,"comment_status":"closed","ping_status":"open","sticky":false,"template":"","format":"standard","meta":{"footnotes":""},"categories":[2],"tags":[],"class_list":["post-1339","post","type-post","status-publish","format-standard","has-post-thumbnail","hentry","category-akt"],"_links":{"self":[{"href":"https:\/\/ratoszyn.eu\/index.php\/wp-json\/wp\/v2\/posts\/1339","targetHints":{"allow":["GET"]}}],"collection":[{"href":"https:\/\/ratoszyn.eu\/index.php\/wp-json\/wp\/v2\/posts"}],"about":[{"href":"https:\/\/ratoszyn.eu\/index.php\/wp-json\/wp\/v2\/types\/post"}],"author":[{"embeddable":true,"href":"https:\/\/ratoszyn.eu\/index.php\/wp-json\/wp\/v2\/users\/1"}],"replies":[{"embeddable":true,"href":"https:\/\/ratoszyn.eu\/index.php\/wp-json\/wp\/v2\/comments?post=1339"}],"version-history":[{"count":2,"href":"https:\/\/ratoszyn.eu\/index.php\/wp-json\/wp\/v2\/posts\/1339\/revisions"}],"predecessor-version":[{"id":1342,"href":"https:\/\/ratoszyn.eu\/index.php\/wp-json\/wp\/v2\/posts\/1339\/revisions\/1342"}],"wp:featuredmedia":[{"embeddable":true,"href":"https:\/\/ratoszyn.eu\/index.php\/wp-json\/wp\/v2\/media\/1340"}],"wp:attachment":[{"href":"https:\/\/ratoszyn.eu\/index.php\/wp-json\/wp\/v2\/media?parent=1339"}],"wp:term":[{"taxonomy":"category","embeddable":true,"href":"https:\/\/ratoszyn.eu\/index.php\/wp-json\/wp\/v2\/categories?post=1339"},{"taxonomy":"post_tag","embeddable":true,"href":"https:\/\/ratoszyn.eu\/index.php\/wp-json\/wp\/v2\/tags?post=1339"}],"curies":[{"name":"wp","href":"https:\/\/api.w.org\/{rel}","templated":true}]}}