{"id":1285,"date":"2025-06-09T06:26:22","date_gmt":"2025-06-09T06:26:22","guid":{"rendered":"https:\/\/ratoszyn.eu\/?p=1285"},"modified":"2025-06-09T06:26:22","modified_gmt":"2025-06-09T06:26:22","slug":"zdrowo-cyfrowo-w-przedszkolu","status":"publish","type":"post","link":"https:\/\/ratoszyn.eu\/index.php\/2025\/06\/09\/zdrowo-cyfrowo-w-przedszkolu\/","title":{"rendered":"Zdrowo cyfrowo w Przedszkolu"},"content":{"rendered":"<p>Pani Ewelina i Pani Dorota z naszego przedszkola uczestniczy\u0142y w szkoleniu z projektu &#8222;Zdrowo cyfrowo w Przedszkolu&#8221; wsp\u00f3\u0142finansowanego ze \u015brodk\u00f3w Unii Europejskiej w ramach Krajowego Planu Odbudowy i  Zwi\u0119kszenia Odporno\u015bci. W ramach projektu nasze przedszkole otrzyma\u0142o monitor interaktywny. Dzieci korzystaj\u0105 z tablicy nie tylko do ogl\u0105dania bajek, ale r\u00f3wnie\u017c do nauki przez zabaw\u0119. Sami zobaczcie \ud83e\udd17<\/p>\n","protected":false},"excerpt":{"rendered":"<p>Pani Ewelina i Pani Dorota z naszego przedszkola uczestniczy\u0142y w szkoleniu z projektu &#8222;Zdrowo cyfrowo w Przedszkolu&#8221; wsp\u00f3\u0142finansowanego ze \u015brodk\u00f3w Unii Europejskiej w ramach Krajowego Planu Odbudowy i Zwi\u0119kszenia Odporno\u015bci. W ramach projektu nasze przedszkole otrzyma\u0142o monitor interaktywny. Dzieci korzystaj\u0105 z tablicy nie tylko do ogl\u0105dania bajek, ale r\u00f3wnie\u017c do nauki przez zabaw\u0119. Sami zobaczcie [&hellip;]<\/p>\n","protected":false},"author":1,"featured_media":1286,"comment_status":"closed","ping_status":"open","sticky":false,"template":"","format":"standard","meta":{"footnotes":""},"categories":[2],"tags":[],"class_list":["post-1285","post","type-post","status-publish","format-standard","has-post-thumbnail","hentry","category-akt"],"_links":{"self":[{"href":"https:\/\/ratoszyn.eu\/index.php\/wp-json\/wp\/v2\/posts\/1285","targetHints":{"allow":["GET"]}}],"collection":[{"href":"https:\/\/ratoszyn.eu\/index.php\/wp-json\/wp\/v2\/posts"}],"about":[{"href":"https:\/\/ratoszyn.eu\/index.php\/wp-json\/wp\/v2\/types\/post"}],"author":[{"embeddable":true,"href":"https:\/\/ratoszyn.eu\/index.php\/wp-json\/wp\/v2\/users\/1"}],"replies":[{"embeddable":true,"href":"https:\/\/ratoszyn.eu\/index.php\/wp-json\/wp\/v2\/comments?post=1285"}],"version-history":[{"count":1,"href":"https:\/\/ratoszyn.eu\/index.php\/wp-json\/wp\/v2\/posts\/1285\/revisions"}],"predecessor-version":[{"id":1287,"href":"https:\/\/ratoszyn.eu\/index.php\/wp-json\/wp\/v2\/posts\/1285\/revisions\/1287"}],"wp:featuredmedia":[{"embeddable":true,"href":"https:\/\/ratoszyn.eu\/index.php\/wp-json\/wp\/v2\/media\/1286"}],"wp:attachment":[{"href":"https:\/\/ratoszyn.eu\/index.php\/wp-json\/wp\/v2\/media?parent=1285"}],"wp:term":[{"taxonomy":"category","embeddable":true,"href":"https:\/\/ratoszyn.eu\/index.php\/wp-json\/wp\/v2\/categories?post=1285"},{"taxonomy":"post_tag","embeddable":true,"href":"https:\/\/ratoszyn.eu\/index.php\/wp-json\/wp\/v2\/tags?post=1285"}],"curies":[{"name":"wp","href":"https:\/\/api.w.org\/{rel}","templated":true}]}}