{"id":1246,"date":"2025-05-12T08:01:31","date_gmt":"2025-05-12T08:01:31","guid":{"rendered":"https:\/\/ratoszyn.eu\/?p=1246"},"modified":"2025-05-12T08:08:40","modified_gmt":"2025-05-12T08:08:40","slug":"1246","status":"publish","type":"post","link":"https:\/\/ratoszyn.eu\/index.php\/2025\/05\/12\/1246\/","title":{"rendered":""},"content":{"rendered":"<p><img loading=\"lazy\" decoding=\"async\" src=\"https:\/\/ratoszyn.eu\/wp-content\/uploads\/2025\/05\/PLAKAT-725x1024-1.jpg\" id=\"cien\" width=\"320\" height=\"452\" class=\"alignleft wp-image-1250\" srcset=\"https:\/\/ratoszyn.eu\/wp-content\/uploads\/2025\/05\/PLAKAT-725x1024-1.jpg 725w, https:\/\/ratoszyn.eu\/wp-content\/uploads\/2025\/05\/PLAKAT-725x1024-1-170x240.jpg 170w\" sizes=\"auto, (max-width: 320px) 100vw, 320px\" \/>Zapraszamy uczni\u00f3w szk\u00f3\u0142 podstawowych z terenu Gminy Chodel do udzia\u0142u w konkursie plastycznym \u201cOZE ratuje planet\u0119\u201d. Konkurs jest realizowany w ramach projektu\u00a0 pt. \u201eEdukacja OZE w Gminie Chodel\u201d. Przedsi\u0119wzi\u0119cie jest realizowane dzi\u0119ki wsparciu pozyskanemu z Wojew\u00f3dzkiego Funduszu Ochrony \u015arodowiska i Gospodarki Wodnej w Lublinie w ramach Programu Regionalnego Wsparcia Edukacji Ekologicznej. W ramach projektu zorganizowany zostanie:<\/p>\n<p>\u2013 Konkurs ekologiczny pt. \u201cOZE ratuje planet\u0119\u201d dla dzieci ze szk\u00f3\u0142 podstawowych z terenu Gminy Chodel<\/p>\n<p><span class=\"html-span xexx8yu x4uap5 x18d9i69 xkhd6sd x1hl2dhg x16tdsg8 x1vvkbs x3nfvp2 x1j61x8r x1fcty0u xdj266r xat24cr xgzva0m xhhsvwb xxymvpz xlup9mm x1kky2od\">\u2013<span>\u00a0<\/span><\/span>Wyjazd edukacyjny do Centrum Nauki Kopernika dla dzieci w wieku od 5 do 6 lat ucz\u0119szczaj\u0105cych do plac\u00f3wek wychowania przedszkolnego na terenie Gminy Chodel<\/p>\n","protected":false},"excerpt":{"rendered":"<p>Zapraszamy uczni\u00f3w szk\u00f3\u0142 podstawowych z terenu Gminy Chodel do udzia\u0142u w konkursie plastycznym \u201cOZE ratuje planet\u0119\u201d. Konkurs jest realizowany w ramach projektu\u00a0 pt. \u201eEdukacja OZE w Gminie Chodel\u201d. Przedsi\u0119wzi\u0119cie jest realizowane dzi\u0119ki wsparciu pozyskanemu z Wojew\u00f3dzkiego Funduszu Ochrony \u015arodowiska i Gospodarki Wodnej w Lublinie w ramach Programu Regionalnego Wsparcia Edukacji Ekologicznej. W ramach projektu zorganizowany [&hellip;]<\/p>\n","protected":false},"author":1,"featured_media":0,"comment_status":"closed","ping_status":"open","sticky":false,"template":"","format":"standard","meta":{"footnotes":""},"categories":[2],"tags":[],"class_list":["post-1246","post","type-post","status-publish","format-standard","hentry","category-akt"],"_links":{"self":[{"href":"https:\/\/ratoszyn.eu\/index.php\/wp-json\/wp\/v2\/posts\/1246","targetHints":{"allow":["GET"]}}],"collection":[{"href":"https:\/\/ratoszyn.eu\/index.php\/wp-json\/wp\/v2\/posts"}],"about":[{"href":"https:\/\/ratoszyn.eu\/index.php\/wp-json\/wp\/v2\/types\/post"}],"author":[{"embeddable":true,"href":"https:\/\/ratoszyn.eu\/index.php\/wp-json\/wp\/v2\/users\/1"}],"replies":[{"embeddable":true,"href":"https:\/\/ratoszyn.eu\/index.php\/wp-json\/wp\/v2\/comments?post=1246"}],"version-history":[{"count":6,"href":"https:\/\/ratoszyn.eu\/index.php\/wp-json\/wp\/v2\/posts\/1246\/revisions"}],"predecessor-version":[{"id":1257,"href":"https:\/\/ratoszyn.eu\/index.php\/wp-json\/wp\/v2\/posts\/1246\/revisions\/1257"}],"wp:attachment":[{"href":"https:\/\/ratoszyn.eu\/index.php\/wp-json\/wp\/v2\/media?parent=1246"}],"wp:term":[{"taxonomy":"category","embeddable":true,"href":"https:\/\/ratoszyn.eu\/index.php\/wp-json\/wp\/v2\/categories?post=1246"},{"taxonomy":"post_tag","embeddable":true,"href":"https:\/\/ratoszyn.eu\/index.php\/wp-json\/wp\/v2\/tags?post=1246"}],"curies":[{"name":"wp","href":"https:\/\/api.w.org\/{rel}","templated":true}]}}