{"id":1217,"date":"2025-04-24T07:39:55","date_gmt":"2025-04-24T07:39:55","guid":{"rendered":"https:\/\/ratoszyn.eu\/?p=1217"},"modified":"2025-04-24T07:39:55","modified_gmt":"2025-04-24T07:39:55","slug":"zebranie","status":"publish","type":"post","link":"https:\/\/ratoszyn.eu\/index.php\/2025\/04\/24\/zebranie\/","title":{"rendered":"Zebranie"},"content":{"rendered":"<p>Z okazji zbli\u017caj\u0105cych si\u0119 \u015awi\u0105t Wielkanocnych \ud83d\udc23 uczniowie naszej szko\u0142y z klasy VIII, VII i VI przygotowali przedstawienie, przybli\u017caj\u0105ce symbole \u015bwi\u0105teczne, a najm\u0142odsi wyst\u0105pili i za\u015bpiewali radosne wielkanocne piosenki. Na zako\u0144czenie przewodnicz\u0105cy Samorz\u0105du Uczniowskiego z\u0142o\u017cy\u0142 \u017cyczenia dyrekcji szko\u0142y, gronu pedagogicznemu i ca\u0142ej spo\u0142eczno\u015bci szkolnej.<\/p>\n<p>&nbsp;<\/p>\n<p style=\"text-align: left;\">\n","protected":false},"excerpt":{"rendered":"<p>Z okazji zbli\u017caj\u0105cych si\u0119 \u015awi\u0105t Wielkanocnych \ud83d\udc23 uczniowie naszej szko\u0142y z klasy VIII, VII i VI przygotowali przedstawienie, przybli\u017caj\u0105ce symbole \u015bwi\u0105teczne, a najm\u0142odsi wyst\u0105pili i za\u015bpiewali radosne wielkanocne piosenki. Na zako\u0144czenie przewodnicz\u0105cy Samorz\u0105du Uczniowskiego z\u0142o\u017cy\u0142 \u017cyczenia dyrekcji szko\u0142y, gronu pedagogicznemu i ca\u0142ej spo\u0142eczno\u015bci szkolnej. &nbsp;<\/p>\n","protected":false},"author":2,"featured_media":1218,"comment_status":"closed","ping_status":"open","sticky":false,"template":"","format":"standard","meta":{"footnotes":""},"categories":[2],"tags":[],"class_list":["post-1217","post","type-post","status-publish","format-standard","has-post-thumbnail","hentry","category-akt"],"_links":{"self":[{"href":"https:\/\/ratoszyn.eu\/index.php\/wp-json\/wp\/v2\/posts\/1217","targetHints":{"allow":["GET"]}}],"collection":[{"href":"https:\/\/ratoszyn.eu\/index.php\/wp-json\/wp\/v2\/posts"}],"about":[{"href":"https:\/\/ratoszyn.eu\/index.php\/wp-json\/wp\/v2\/types\/post"}],"author":[{"embeddable":true,"href":"https:\/\/ratoszyn.eu\/index.php\/wp-json\/wp\/v2\/users\/2"}],"replies":[{"embeddable":true,"href":"https:\/\/ratoszyn.eu\/index.php\/wp-json\/wp\/v2\/comments?post=1217"}],"version-history":[{"count":1,"href":"https:\/\/ratoszyn.eu\/index.php\/wp-json\/wp\/v2\/posts\/1217\/revisions"}],"predecessor-version":[{"id":1219,"href":"https:\/\/ratoszyn.eu\/index.php\/wp-json\/wp\/v2\/posts\/1217\/revisions\/1219"}],"wp:featuredmedia":[{"embeddable":true,"href":"https:\/\/ratoszyn.eu\/index.php\/wp-json\/wp\/v2\/media\/1218"}],"wp:attachment":[{"href":"https:\/\/ratoszyn.eu\/index.php\/wp-json\/wp\/v2\/media?parent=1217"}],"wp:term":[{"taxonomy":"category","embeddable":true,"href":"https:\/\/ratoszyn.eu\/index.php\/wp-json\/wp\/v2\/categories?post=1217"},{"taxonomy":"post_tag","embeddable":true,"href":"https:\/\/ratoszyn.eu\/index.php\/wp-json\/wp\/v2\/tags?post=1217"}],"curies":[{"name":"wp","href":"https:\/\/api.w.org\/{rel}","templated":true}]}}