{"id":1185,"date":"2025-04-06T17:16:41","date_gmt":"2025-04-06T17:16:41","guid":{"rendered":"https:\/\/ratoszyn.eu\/?p=1185"},"modified":"2025-04-06T17:18:33","modified_gmt":"2025-04-06T17:18:33","slug":"20-rocznica-smierci-jana-pawla-ii","status":"publish","type":"post","link":"https:\/\/ratoszyn.eu\/index.php\/2025\/04\/06\/20-rocznica-smierci-jana-pawla-ii\/","title":{"rendered":"20 rocznica \u015bmierci Jana Paw\u0142a II"},"content":{"rendered":"<p>3 kwietnia 2025 roku w 20 rocznic\u0119 \u015bmierci Jana Paw\u0142a II w Szkole Podstawowej w Ratoszynie Drugim odby\u0142a si\u0119 uroczysto\u015b\u0107 upami\u0119tniaj\u0105ca Papie\u017ca Polaka. Wszyscy uczniowie i nauczyciele zebrali si\u0119 w sali gimnastycznej, gdzie arty\u015bci przypomnieli nam najwa\u017cniejsze momenty z \u017cycia Jana Paw\u0142a II oraz jego nauczanie. W programie znalaz\u0142y si\u0119 tak\u017ce utwory wokalne zwi\u0105zane z postaci\u0105 Wielkiego Polaka, a wykonali je nasi uczniowie. Uczniowie podkre\u015blili, jak wielki wp\u0142yw mia\u0142 Jan Pawe\u0142 II na nasze \u017cycie i jak wa\u017cne s\u0105 jego warto\u015bci w codziennym \u017cyciu. Ca\u0142o\u015b\u0107 wydarzenia by\u0142a pe\u0142na wzrusze\u0144, a atmosfera refleksji i zadumy towarzyszy\u0142a wszystkim przez ca\u0142y czas trwania uroczysto\u015bci. Dzi\u0119kujemy Pani katechetce Magdalenie i Pani Karolinie za przygotowanie tak pi\u0119knej i wa\u017cnej dla naszej spo\u0142eczno\u015bci szkolnej uroczysto\u015bci. <!--morezobacz wi\u0119cej--><\/p>\n<p> Dzi\u0119kujemy Ksi\u0119dzu Proboszczowi  za przybycie, za dobre s\u0142owo i s\u0142odycze dla uczni\u00f3w.<\/p>\n","protected":false},"excerpt":{"rendered":"<p>3 kwietnia 2025 roku w 20 rocznic\u0119 \u015bmierci Jana Paw\u0142a II w Szkole Podstawowej w Ratoszynie Drugim odby\u0142a si\u0119 uroczysto\u015b\u0107 upami\u0119tniaj\u0105ca Papie\u017ca Polaka. Wszyscy uczniowie i nauczyciele zebrali si\u0119 w sali gimnastycznej, gdzie arty\u015bci przypomnieli nam najwa\u017cniejsze momenty z \u017cycia Jana Paw\u0142a II oraz jego nauczanie. W programie znalaz\u0142y si\u0119 tak\u017ce utwory wokalne zwi\u0105zane z [&hellip;]<\/p>\n","protected":false},"author":1,"featured_media":1186,"comment_status":"closed","ping_status":"open","sticky":false,"template":"","format":"standard","meta":{"footnotes":""},"categories":[2],"tags":[],"class_list":["post-1185","post","type-post","status-publish","format-standard","has-post-thumbnail","hentry","category-akt"],"_links":{"self":[{"href":"https:\/\/ratoszyn.eu\/index.php\/wp-json\/wp\/v2\/posts\/1185","targetHints":{"allow":["GET"]}}],"collection":[{"href":"https:\/\/ratoszyn.eu\/index.php\/wp-json\/wp\/v2\/posts"}],"about":[{"href":"https:\/\/ratoszyn.eu\/index.php\/wp-json\/wp\/v2\/types\/post"}],"author":[{"embeddable":true,"href":"https:\/\/ratoszyn.eu\/index.php\/wp-json\/wp\/v2\/users\/1"}],"replies":[{"embeddable":true,"href":"https:\/\/ratoszyn.eu\/index.php\/wp-json\/wp\/v2\/comments?post=1185"}],"version-history":[{"count":2,"href":"https:\/\/ratoszyn.eu\/index.php\/wp-json\/wp\/v2\/posts\/1185\/revisions"}],"predecessor-version":[{"id":1188,"href":"https:\/\/ratoszyn.eu\/index.php\/wp-json\/wp\/v2\/posts\/1185\/revisions\/1188"}],"wp:featuredmedia":[{"embeddable":true,"href":"https:\/\/ratoszyn.eu\/index.php\/wp-json\/wp\/v2\/media\/1186"}],"wp:attachment":[{"href":"https:\/\/ratoszyn.eu\/index.php\/wp-json\/wp\/v2\/media?parent=1185"}],"wp:term":[{"taxonomy":"category","embeddable":true,"href":"https:\/\/ratoszyn.eu\/index.php\/wp-json\/wp\/v2\/categories?post=1185"},{"taxonomy":"post_tag","embeddable":true,"href":"https:\/\/ratoszyn.eu\/index.php\/wp-json\/wp\/v2\/tags?post=1185"}],"curies":[{"name":"wp","href":"https:\/\/api.w.org\/{rel}","templated":true}]}}