{"id":1121,"date":"2025-03-12T11:20:06","date_gmt":"2025-03-12T11:20:06","guid":{"rendered":"https:\/\/ratoszyn.eu\/?p=1121"},"modified":"2025-03-12T11:20:06","modified_gmt":"2025-03-12T11:20:06","slug":"wycieczka-do-fabryki-porcelany-w-cmielowie","status":"publish","type":"post","link":"https:\/\/ratoszyn.eu\/index.php\/2025\/03\/12\/wycieczka-do-fabryki-porcelany-w-cmielowie\/","title":{"rendered":"Wycieczka do fabryki porcelany w \u0106mielowie."},"content":{"rendered":"<p><span>W ramach projektu &#8222;Innowacyjne metody nauczania dla rozwoju kompetencji kluczowych u uczni\u00f3w i nauczycieli w gminie Chodel&#8221; 11.03.2025r. odby\u0142a si\u0119 wycieczka do \u0106mielowa. Uczniowie z klasy VIII <\/span><span class=\"html-span xexx8yu x4uap5 x18d9i69 xkhd6sd x1hl2dhg x16tdsg8 x1vvkbs x3nfvp2 x1j61x8r x1fcty0u xdj266r xat24cr xgzva0m xhhsvwb xxymvpz xlup9mm x1kky2od\"><img loading=\"lazy\" decoding=\"async\" height=\"16\" width=\"16\" alt=\"\ud83d\udc6b\" class=\"xz74otr x168nmei x13lgxp2 x5pf9jr xo71vjh\" referrerpolicy=\"origin-when-cross-origin\" src=\"https:\/\/static.xx.fbcdn.net\/images\/emoji.php\/v9\/t38\/1\/16\/1f46b.png\" \/><\/span><span class=\"html-span xexx8yu x4uap5 x18d9i69 xkhd6sd x1hl2dhg x16tdsg8 x1vvkbs x3nfvp2 x1j61x8r x1fcty0u xdj266r xat24cr xgzva0m xhhsvwb xxymvpz xlup9mm x1kky2od\"><img loading=\"lazy\" decoding=\"async\" height=\"16\" width=\"16\" alt=\"\ud83d\udc6d\" class=\"xz74otr x168nmei x13lgxp2 x5pf9jr xo71vjh\" referrerpolicy=\"origin-when-cross-origin\" src=\"https:\/\/static.xx.fbcdn.net\/images\/emoji.php\/v9\/t3a\/1\/16\/1f46d.png\" \/><\/span><span class=\"html-span xexx8yu x4uap5 x18d9i69 xkhd6sd x1hl2dhg x16tdsg8 x1vvkbs x3nfvp2 x1j61x8r x1fcty0u xdj266r xat24cr xgzva0m xhhsvwb xxymvpz xlup9mm x1kky2od\"><img loading=\"lazy\" decoding=\"async\" height=\"16\" width=\"16\" alt=\"\ud83d\udc6c\" class=\"xz74otr x168nmei x13lgxp2 x5pf9jr xo71vjh\" referrerpolicy=\"origin-when-cross-origin\" src=\"https:\/\/static.xx.fbcdn.net\/images\/emoji.php\/v9\/tb9\/1\/16\/1f46c.png\" \/><\/span><span>uczestnicz\u0105cy w zaj\u0119ciach z doradztwa zawodowego indywidualnych, zwiedzali fabryk\u0119 i muzeum porcelany w \u0106mielowie. <\/span><span class=\"html-span xexx8yu x4uap5 x18d9i69 xkhd6sd x1hl2dhg x16tdsg8 x1vvkbs x3nfvp2 x1j61x8r x1fcty0u xdj266r xat24cr xgzva0m xhhsvwb xxymvpz xlup9mm x1kky2od\"><img loading=\"lazy\" decoding=\"async\" height=\"16\" width=\"16\" alt=\"\u2615\" class=\"xz74otr x168nmei x13lgxp2 x5pf9jr xo71vjh\" referrerpolicy=\"origin-when-cross-origin\" src=\"https:\/\/static.xx.fbcdn.net\/images\/emoji.php\/v9\/t91\/1\/16\/2615.png\" \/><\/span><span class=\"html-span xexx8yu x4uap5 x18d9i69 xkhd6sd x1hl2dhg x16tdsg8 x1vvkbs x3nfvp2 x1j61x8r x1fcty0u xdj266r xat24cr xgzva0m xhhsvwb xxymvpz xlup9mm x1kky2od\"><img loading=\"lazy\" decoding=\"async\" height=\"16\" width=\"16\" alt=\"\ud83e\uded6\" class=\"xz74otr x168nmei x13lgxp2 x5pf9jr xo71vjh\" referrerpolicy=\"origin-when-cross-origin\" src=\"https:\/\/static.xx.fbcdn.net\/images\/emoji.php\/v9\/tb\/1\/16\/1fad6.png\" \/><\/span><span> Nasi \u00f3smoklasi\u015bci ju\u017c po raz drugi przebywali na wyje\u017adzie z uczniami ze Szko\u0142y Podstawowej w Granicach. Jest to okazja do integracji i zawierania nowych znajomo\u015bci. <\/span><span class=\"html-span xexx8yu x4uap5 x18d9i69 xkhd6sd x1hl2dhg x16tdsg8 x1vvkbs x3nfvp2 x1j61x8r x1fcty0u xdj266r xat24cr xgzva0m xhhsvwb xxymvpz xlup9mm x1kky2od\"><img loading=\"lazy\" decoding=\"async\" height=\"16\" width=\"16\" alt=\"\ud83e\udd17\" class=\"xz74otr x168nmei x13lgxp2 x5pf9jr xo71vjh\" referrerpolicy=\"origin-when-cross-origin\" src=\"https:\/\/static.xx.fbcdn.net\/images\/emoji.php\/v9\/tb7\/1\/16\/1f917.png\" \/><\/span><\/p>\n","protected":false},"excerpt":{"rendered":"<p>W ramach projektu &#8222;Innowacyjne metody nauczania dla rozwoju kompetencji kluczowych u uczni\u00f3w i nauczycieli w gminie Chodel&#8221; 11.03.2025r. odby\u0142a si\u0119 wycieczka do \u0106mielowa. Uczniowie z klasy VIII uczestnicz\u0105cy w zaj\u0119ciach z doradztwa zawodowego indywidualnych, zwiedzali fabryk\u0119 i muzeum porcelany w \u0106mielowie. Nasi \u00f3smoklasi\u015bci ju\u017c po raz drugi przebywali na wyje\u017adzie z uczniami ze Szko\u0142y Podstawowej [&hellip;]<\/p>\n","protected":false},"author":2,"featured_media":1122,"comment_status":"closed","ping_status":"open","sticky":false,"template":"","format":"standard","meta":{"footnotes":""},"categories":[2],"tags":[],"class_list":["post-1121","post","type-post","status-publish","format-standard","has-post-thumbnail","hentry","category-akt"],"_links":{"self":[{"href":"https:\/\/ratoszyn.eu\/index.php\/wp-json\/wp\/v2\/posts\/1121","targetHints":{"allow":["GET"]}}],"collection":[{"href":"https:\/\/ratoszyn.eu\/index.php\/wp-json\/wp\/v2\/posts"}],"about":[{"href":"https:\/\/ratoszyn.eu\/index.php\/wp-json\/wp\/v2\/types\/post"}],"author":[{"embeddable":true,"href":"https:\/\/ratoszyn.eu\/index.php\/wp-json\/wp\/v2\/users\/2"}],"replies":[{"embeddable":true,"href":"https:\/\/ratoszyn.eu\/index.php\/wp-json\/wp\/v2\/comments?post=1121"}],"version-history":[{"count":1,"href":"https:\/\/ratoszyn.eu\/index.php\/wp-json\/wp\/v2\/posts\/1121\/revisions"}],"predecessor-version":[{"id":1123,"href":"https:\/\/ratoszyn.eu\/index.php\/wp-json\/wp\/v2\/posts\/1121\/revisions\/1123"}],"wp:featuredmedia":[{"embeddable":true,"href":"https:\/\/ratoszyn.eu\/index.php\/wp-json\/wp\/v2\/media\/1122"}],"wp:attachment":[{"href":"https:\/\/ratoszyn.eu\/index.php\/wp-json\/wp\/v2\/media?parent=1121"}],"wp:term":[{"taxonomy":"category","embeddable":true,"href":"https:\/\/ratoszyn.eu\/index.php\/wp-json\/wp\/v2\/categories?post=1121"},{"taxonomy":"post_tag","embeddable":true,"href":"https:\/\/ratoszyn.eu\/index.php\/wp-json\/wp\/v2\/tags?post=1121"}],"curies":[{"name":"wp","href":"https:\/\/api.w.org\/{rel}","templated":true}]}}