{"id":1061,"date":"2025-03-04T19:46:41","date_gmt":"2025-03-04T19:46:41","guid":{"rendered":"https:\/\/ratoszyn.eu\/?p=1061"},"modified":"2025-03-04T19:46:41","modified_gmt":"2025-03-04T19:46:41","slug":"powiatowe-zawody-w-pilke-siatkowa","status":"publish","type":"post","link":"https:\/\/ratoszyn.eu\/index.php\/2025\/03\/04\/powiatowe-zawody-w-pilke-siatkowa\/","title":{"rendered":"Powiatowe zawody w pi\u0142k\u0119 siatkow\u0105"},"content":{"rendered":"<p><span>Dzi\u015b ch\u0142opcy z klasy VIII: Micha\u0142, Szymon, Dawid, Marcel, Mateusz i z klasy VII: Kacper C., Kacper Sz., Artur i Piotr odwa\u017cnie i z wielkim zaanga\u017cowaniem reprezentowali nasz\u0105 szko\u0142\u0119 na powiatowych zawodach w pi\u0142k\u0119 siatkow\u0105. Ch\u0142opcy wywalczyli czwarte miejsce w powiecie. Jest to bardzo dobra lokata, tu\u017c po szko\u0142ach z Opola Lubelskiego i z Poniatowej. Ch\u0142opcom dzi\u0119kujemy za w\u0142o\u017cony trud i gratulujemy. <\/span><span class=\"html-span xexx8yu x4uap5 x18d9i69 xkhd6sd x1hl2dhg x16tdsg8 x1vvkbs x3nfvp2 x1j61x8r x1fcty0u xdj266r xat24cr xgzva0m xhhsvwb xxymvpz xlup9mm x1kky2od\"><img loading=\"lazy\" decoding=\"async\" height=\"16\" width=\"16\" alt=\"\ud83e\udd70\" class=\"xz74otr\" referrerpolicy=\"origin-when-cross-origin\" src=\"https:\/\/static.xx.fbcdn.net\/images\/emoji.php\/v9\/tea\/1\/16\/1f970.png\" \/><\/span><span>Jeste\u015bmy z Was bardzo dumni! Dzi\u0119kujemy Pani Marioli za przygotowanie ch\u0142opc\u00f3w do zawod\u00f3w <\/span><span class=\"html-span xexx8yu x4uap5 x18d9i69 xkhd6sd x1hl2dhg x16tdsg8 x1vvkbs x3nfvp2 x1j61x8r x1fcty0u xdj266r xat24cr xgzva0m xhhsvwb xxymvpz xlup9mm x1kky2od\"><img loading=\"lazy\" decoding=\"async\" height=\"16\" width=\"16\" alt=\"\ud83e\udd17\" class=\"xz74otr\" referrerpolicy=\"origin-when-cross-origin\" src=\"https:\/\/static.xx.fbcdn.net\/images\/emoji.php\/v9\/tb7\/1\/16\/1f917.png\" \/><\/span><\/p>\n","protected":false},"excerpt":{"rendered":"<p>Dzi\u015b ch\u0142opcy z klasy VIII: Micha\u0142, Szymon, Dawid, Marcel, Mateusz i z klasy VII: Kacper C., Kacper Sz., Artur i Piotr odwa\u017cnie i z wielkim zaanga\u017cowaniem reprezentowali nasz\u0105 szko\u0142\u0119 na powiatowych zawodach w pi\u0142k\u0119 siatkow\u0105. Ch\u0142opcy wywalczyli czwarte miejsce w powiecie. Jest to bardzo dobra lokata, tu\u017c po szko\u0142ach z Opola Lubelskiego i z Poniatowej. [&hellip;]<\/p>\n","protected":false},"author":1,"featured_media":1062,"comment_status":"closed","ping_status":"open","sticky":false,"template":"","format":"standard","meta":{"footnotes":""},"categories":[2],"tags":[],"class_list":["post-1061","post","type-post","status-publish","format-standard","has-post-thumbnail","hentry","category-akt"],"_links":{"self":[{"href":"https:\/\/ratoszyn.eu\/index.php\/wp-json\/wp\/v2\/posts\/1061","targetHints":{"allow":["GET"]}}],"collection":[{"href":"https:\/\/ratoszyn.eu\/index.php\/wp-json\/wp\/v2\/posts"}],"about":[{"href":"https:\/\/ratoszyn.eu\/index.php\/wp-json\/wp\/v2\/types\/post"}],"author":[{"embeddable":true,"href":"https:\/\/ratoszyn.eu\/index.php\/wp-json\/wp\/v2\/users\/1"}],"replies":[{"embeddable":true,"href":"https:\/\/ratoszyn.eu\/index.php\/wp-json\/wp\/v2\/comments?post=1061"}],"version-history":[{"count":1,"href":"https:\/\/ratoszyn.eu\/index.php\/wp-json\/wp\/v2\/posts\/1061\/revisions"}],"predecessor-version":[{"id":1063,"href":"https:\/\/ratoszyn.eu\/index.php\/wp-json\/wp\/v2\/posts\/1061\/revisions\/1063"}],"wp:featuredmedia":[{"embeddable":true,"href":"https:\/\/ratoszyn.eu\/index.php\/wp-json\/wp\/v2\/media\/1062"}],"wp:attachment":[{"href":"https:\/\/ratoszyn.eu\/index.php\/wp-json\/wp\/v2\/media?parent=1061"}],"wp:term":[{"taxonomy":"category","embeddable":true,"href":"https:\/\/ratoszyn.eu\/index.php\/wp-json\/wp\/v2\/categories?post=1061"},{"taxonomy":"post_tag","embeddable":true,"href":"https:\/\/ratoszyn.eu\/index.php\/wp-json\/wp\/v2\/tags?post=1061"}],"curies":[{"name":"wp","href":"https:\/\/api.w.org\/{rel}","templated":true}]}}